{"id":834135,"date":"2025-09-15T19:13:00","date_gmt":"2025-09-15T17:13:00","guid":{"rendered":"https:\/\/gradski.me\/?p=834135"},"modified":"2025-09-15T19:13:00","modified_gmt":"2025-09-15T17:13:00","slug":"djurovic-skupstina-duzna-da-izabere-sudije-ustavnog-suda-racunamo-da-to-bude-u-oktobru-pes-resorni-ministar-da-sprovede-preporuke-vk","status":"publish","type":"post","link":"https:\/\/gradski.me\/en\/politika\/djurovic-skupstina-duzna-da-izabere-sudije-ustavnog-suda-racunamo-da-to-bude-u-oktobru-pes-resorni-ministar-da-sprovede-preporuke-vk\/","title":{"rendered":"(VIDEO) \u0110urovi\u0107: Skup\u0161tina du\u017ena da izabere sudije Ustavnog suda, ra\u010dunamo da to bude u oktobru; PES: Resorni ministar da sprovede preporuke VK"},"content":{"rendered":"<p><br>Bez sna\u017enog i nezavisnog Ustavnog suda, gra\u0111ani nemaju pouzdanog \u010duvara koji \u0107e sprije\u010diti neustavne odluke, smatraju u Novoj srpskoj demokratiji. O\u010dekuju da Ustavni sud bude kompletiran tokom oktobra.<br><br>&#8222;S obzirom na va\u017enost funkcije i potrebu da gra\u0111anima vratimo povjerenje u institucije, smatramo da je Skup\u0161tina du\u017ena da izabere sudije koje \u0107e svojim integritetom i profesionalno\u0161\u0107u doprinijeti ja\u010danju Ustavnog suda. To je bio razlog zbog \u010dega smo danas odlo\u017eili izja\u0161njavanje o ovoj ta\u010dki dnevnog reda, ra\u010dunaju\u0107i da \u0107emo upravo nakon 1. oktobra i redovnog zasijedanja Parlamenta uspjeti da izaberemo sve sudije koje su nedostaju\u0107i u Ustavnom sudu&#8220;, kazao je Dejan \u0110urovi\u0107 iz NSD-a. <br>Za dana\u0161nji dnevni red Skup\u0161tine, iz redova vlasti, glasali su jedino poslanici PES-a Miodrag Lakovi\u0107 i CIVIS-a Maja Vu\u010deli\u0107, ali za Dnevnik nijesu htjeli da daju komentar. PES se oglasio saop\u0161tenjem &#8211; podsje\u0107aju da proces nije zavr\u0161en iz razloga \u0161to, kako dodaju, opozicija jo\u0161 nije delegirala \u010dlanove u okviru radne grupe koju treba da formira Ministarstvo pravde.<br><br>&#8222;Stava smo da prije izbora sudija Ustavnog suda treba sprovesti preporuke Venecijanske komisije koje smo dobili jo\u0161 u junu, \u0161to je princip koji treba pripremiti i kada je u pitanju izbor sudija Ustavnog suda koje predla\u017ee Predsjednik&#8220;, kazali su iz PES-a.<br>PES je pozvao resornog ministra Bojana Bo\u017eovi\u0107a da po\u010dne rad na implementaciji preporuka Venecijanske Komisije u najkra\u0107em mogu\u0107em roku &#8211; sa ili bez opozicije, kako ne bi dalje odlagali taj proces.<\/p>\n\n\n\n<figure class=\"wp-block-embed is-type-video is-provider-youtube wp-block-embed-youtube wp-embed-aspect-16-9 wp-has-aspect-ratio\"><div class=\"wp-block-embed__wrapper\">\n<iframe title=\"\u0110urovi\u0107, SKup\u0161tina du\u017ena da izabere sudije Utsvnog suda, ra\u010dunamo da to bude u oktobru\" width=\"800\" height=\"450\" src=\"https:\/\/www.youtube.com\/embed\/01Vjb8Bb68E?feature=oembed\" frameborder=\"0\" allow=\"accelerometer; autoplay; clipboard-write; encrypted-media; gyroscope; picture-in-picture; web-share\" referrerpolicy=\"strict-origin-when-cross-origin\" allowfullscreen><\/iframe>\n<\/div><\/figure>\n\n\n\n<p><\/p>","protected":false},"excerpt":{"rendered":"<p>Iz vladaju\u0107e ve\u0107ine ka\u017eu da \u0107e nedostaju\u0107e sudije izabrati u oktobru, tokom redovne sjednice Parlamenta. Poru\u010duju da prije izbora sudija Ustavnog suda treba sprovesti preporuke Venecijanske komisije i pozivaju resornog ministra da po\u010dne rad na tome. <\/p>","protected":false},"author":1,"featured_media":834147,"comment_status":"open","ping_status":"open","sticky":false,"template":"","format":"standard","meta":{"_acf_changed":false,"footnotes":"","jetpack_publicize_message":"","jetpack_publicize_feature_enabled":true,"jetpack_social_post_already_shared":false,"jetpack_social_options":{"image_generator_settings":{"template":"highway","default_image_id":0,"font":"","enabled":false},"version":2}},"categories":[7],"tags":[6413,451,1369],"naslovna":[],"class_list":["post-834135","post","type-post","status-publish","format-standard","has-post-thumbnail","hentry","category-politika","tag-izbor","tag-skupstina","tag-ustavni-sud"],"acf":[],"jetpack_publicize_connections":[],"_links":{"self":[{"href":"https:\/\/gradski.me\/en\/wp-json\/wp\/v2\/posts\/834135","targetHints":{"allow":["GET"]}}],"collection":[{"href":"https:\/\/gradski.me\/en\/wp-json\/wp\/v2\/posts"}],"about":[{"href":"https:\/\/gradski.me\/en\/wp-json\/wp\/v2\/types\/post"}],"author":[{"embeddable":true,"href":"https:\/\/gradski.me\/en\/wp-json\/wp\/v2\/users\/1"}],"replies":[{"embeddable":true,"href":"https:\/\/gradski.me\/en\/wp-json\/wp\/v2\/comments?post=834135"}],"version-history":[{"count":0,"href":"https:\/\/gradski.me\/en\/wp-json\/wp\/v2\/posts\/834135\/revisions"}],"wp:featuredmedia":[{"embeddable":true,"href":"https:\/\/gradski.me\/en\/wp-json\/wp\/v2\/media\/834147"}],"wp:attachment":[{"href":"https:\/\/gradski.me\/en\/wp-json\/wp\/v2\/media?parent=834135"}],"wp:term":[{"taxonomy":"category","embeddable":true,"href":"https:\/\/gradski.me\/en\/wp-json\/wp\/v2\/categories?post=834135"},{"taxonomy":"post_tag","embeddable":true,"href":"https:\/\/gradski.me\/en\/wp-json\/wp\/v2\/tags?post=834135"},{"taxonomy":"naslovna","embeddable":true,"href":"https:\/\/gradski.me\/en\/wp-json\/wp\/v2\/naslovna?post=834135"}],"curies":[{"name":"wp","href":"https:\/\/api.w.org\/{rel}","templated":true}]}}