{"id":834019,"date":"2025-09-15T13:16:00","date_gmt":"2025-09-15T11:16:00","guid":{"rendered":"https:\/\/gradski.me\/?p=833900"},"modified":"2025-09-15T13:16:00","modified_gmt":"2025-09-15T11:16:00","slug":"sep-mandic-sprovodi-svoju-agendu-cestitke-odabranim-narodima-selektivna-sloga-podijeljena-crna-gora","status":"publish","type":"post","link":"https:\/\/gradski.me\/en\/politika\/sep-mandic-sprovodi-svoju-agendu-cestitke-odabranim-narodima-selektivna-sloga-podijeljena-crna-gora\/","title":{"rendered":"SEP: Mandi\u0107 sprovodi svoju agendu; \u010cestitke odabranim narodima, selektivna sloga, podijeljena Crna Gora"},"content":{"rendered":"<p><\/p>\n\n\n\n<p>&#8220;Da ne bude zabune &#8211;\u00a0 srpskom narodu u Crnoj Gori, i svuda gdje se nalazi \u2013 mi u SEP \u017eelimo napredak, mir, razumijevanje i su\u017eivot&#8220;, poru\u010duju iz SEP-a.<\/p>\n\n\n\n<p>Ipak, dana\u0161nja objava predsjednika Skup\u0161tine povod je da ponovimo da su crnogorski gra\u0111ani, svih nacija i vjera, ostali uskra\u0107eni za Mandi\u0107evu \u010destitku povodom 19. godi\u0161njice obnove crnogorske nezavisnosti. To je, da podsjetimo i Andriju Mandi\u0107a &#8211; dr\u017eavni praznik Crne Gore, kazali su iz SEP-a.<\/p>\n\n\n\n<p>&#8220;Ne\u0161to ovdje nije u redu, i ne sluti na \u201cnjegovanje bratske sloge i stvaranje blagostanja sa svim drugim narodima\u201d, kako Mandi\u0107 re\u010de u svojoj \u010destitki&#8220;, zaklju\u010duju iz SEP-a.<\/p>\n\n\n\n<p><\/p>","protected":false},"excerpt":{"rendered":"<p>Ko vjeruje u pomirljivost i blagost Andrije Mandi\u0107a, i njegovih poruka \u2013 taj \u0107e i danas biti zadovoljan \u010destikom za novoustanovljeni i politi\u010dki proklamovani Dan srpskog jedinstva, saop\u0161tili su iz Stranke evropskog progresa.<\/p>","protected":false},"author":1,"featured_media":624912,"comment_status":"open","ping_status":"open","sticky":false,"template":"","format":"standard","meta":{"_acf_changed":false,"footnotes":"","jetpack_publicize_message":"","jetpack_publicize_feature_enabled":true,"jetpack_social_post_already_shared":false,"jetpack_social_options":{"image_generator_settings":{"template":"highway","default_image_id":0,"font":"","enabled":false},"version":2}},"categories":[7],"tags":[6453,503,6454,188,6455,6456,6457,3041],"naslovna":[],"class_list":["post-834019","post","type-post","status-publish","format-standard","has-post-thumbnail","hentry","category-politika","tag-agenda","tag-andrija-mandic","tag-cestitke-2","tag-crna-gora","tag-odabrani-narodi","tag-podjela","tag-sloga","tag-stranka-evropskog-progresa"],"acf":[],"jetpack_publicize_connections":[],"_links":{"self":[{"href":"https:\/\/gradski.me\/en\/wp-json\/wp\/v2\/posts\/834019","targetHints":{"allow":["GET"]}}],"collection":[{"href":"https:\/\/gradski.me\/en\/wp-json\/wp\/v2\/posts"}],"about":[{"href":"https:\/\/gradski.me\/en\/wp-json\/wp\/v2\/types\/post"}],"author":[{"embeddable":true,"href":"https:\/\/gradski.me\/en\/wp-json\/wp\/v2\/users\/1"}],"replies":[{"embeddable":true,"href":"https:\/\/gradski.me\/en\/wp-json\/wp\/v2\/comments?post=834019"}],"version-history":[{"count":0,"href":"https:\/\/gradski.me\/en\/wp-json\/wp\/v2\/posts\/834019\/revisions"}],"wp:featuredmedia":[{"embeddable":true,"href":"https:\/\/gradski.me\/en\/wp-json\/wp\/v2\/media\/624912"}],"wp:attachment":[{"href":"https:\/\/gradski.me\/en\/wp-json\/wp\/v2\/media?parent=834019"}],"wp:term":[{"taxonomy":"category","embeddable":true,"href":"https:\/\/gradski.me\/en\/wp-json\/wp\/v2\/categories?post=834019"},{"taxonomy":"post_tag","embeddable":true,"href":"https:\/\/gradski.me\/en\/wp-json\/wp\/v2\/tags?post=834019"},{"taxonomy":"naslovna","embeddable":true,"href":"https:\/\/gradski.me\/en\/wp-json\/wp\/v2\/naslovna?post=834019"}],"curies":[{"name":"wp","href":"https:\/\/api.w.org\/{rel}","templated":true}]}}