{"id":833485,"date":"2025-09-14T11:00:00","date_gmt":"2025-09-14T09:00:00","guid":{"rendered":"https:\/\/gradski.me\/?p=833485"},"modified":"2025-09-14T11:00:00","modified_gmt":"2025-09-14T09:00:00","slug":"gorjanc-prelevic-podnijela-zalbu-ombudsmanu-portala-press-zahtijeva-javno-izvinjenje-i-uklanjanje-spornog-teksta","status":"publish","type":"post","link":"https:\/\/gradski.me\/en\/drustvo\/gorjanc-prelevic-podnijela-zalbu-ombudsmanu-portala-press-zahtijeva-javno-izvinjenje-i-uklanjanje-spornog-teksta\/","title":{"rendered":"Gorjanc Prelevi\u0107 podnijela \u017ealbu Ombudsmanu portala Press: Zahtijeva javno izvinjenje i uklanjanje spornog teksta"},"content":{"rendered":"<p><\/p>\n\n\n\n<p>Glavni i odgovorni urednik portala PRESS je, kako se navodi u saop\u0161tenju, Ranko Miljani\u0107, dok vlada uvjerenje da je stvarni vlasnik tog portala bliskog vlastima u stvari Vladimir Ota\u0161evi\u0107, izvr\u0161ni direktor RTV Podgorica.<\/p>\n\n\n\n<p>\u201cU \u017ealbi se navodi da portalu PRESS prilikom objave spornog teksta nije bilo stalo do istine, ve\u0107 isklju\u010divo do diskreditacije aktivistkinje za ljudska prava, da bi se pomoglo vlastima u kampanji koju su vodile protiv nje. Isti\u010de se da su u tekstu objavljene pogre\u0161ne i nepotpune informacije, koje su maliciozno prikazane, uprkos tome \u0161to su ta\u010dne i potpune informacije bile javno dostupne\u201d, kazali su iz Akcije za ljudska prava.<\/p>\n\n\n\n<p>Navodi se da je u tekstu zlonamjerno navedeno i to da Gorjanc Prelevi\u0107 podr\u017eava navodno sumnjive poslove njenog supruga, iako portal PRESS nije prethodno kontaktirao nikoga od njih.<\/p>\n\n\n\n<p>\u201cGorjanc Prelevi\u0107 je \u017ealbom zahtijevala javno izvinjenje i uklanjanje spornog teksta, koji predstavlja \u0161kolski primjer kr\u0161enja novinarske etike u slu\u017ebi vlasti. Me\u0111utim, imaju\u0107i u vidu da je ombudsman portala PRESS, Sr\u0111an Ru\u017ei\u0107, na tom portalu li\u010dno objavio saop\u0161tenje: \u201cLUPA: Istra\u017eiva\u010dki novinari rade svoj posao, milionski biznis supruga Tee Gorjanc Prelevi\u0107 je legitimna tema\u201d, u kome je osporeni tekst ve\u0107 pohvalio kao \u201cprofesionalno obra\u0111enu legitimnu temu\u201d, mogu\u0107e je da ga sukob interesa omete i da na \u017ealbu odgovori uz po\u0161tovanje etike\u201d, rekli su iz Akcije za ljudska prava.<\/p>\n\n\n\n<p>Ovo posebno, kako dodaju, jer je Ru\u017ei\u0107 pohvalu osporenom tekstu u ime nevladinog udru\u017eenja \u201cLupa\u201d prethodno objavio bez potpisa, da bi ga dodao tek po\u0161to je izvr\u0161ni direktor i glavni urednik Lupe&nbsp;<strong>Jovo Martinovi\u0107<\/strong>&nbsp;demantovao da stoji iza tog saop\u0161tenja.<\/p>\n\n\n\n<p>\u201cIako PRESS nije objavio Martinovi\u0107ev demanti, dokaz o tome da je poslat pridru\u017een je tekstu \u017ealbe\u201d, navodi se u saop\u0161tenju.<\/p>\n\n\n\n<p>Akcija za ljudska prava se godinama intenzivno zalagala za ja\u010danje po\u0161tovanja novinarske etike u Crnoj Gori i samoregulacije u medijima, pa i \u017ealbu njene izvr\u0161ne direktorice objavljuje u prilog tom zalaganju i spre\u010davanju daljeg prevarnog ocrnjivanja ljudi u korist vlasti.<\/p>\n\n\n\n<p>\u201cAkcija za ljudska prava smatra da bi portal PRESS, koji je blizak crnogorskim vlastima i koji se predstavlja kao \u201cprofesionalan i odgovoran portal\u201d, sada morao pokazati da dr\u017ei do novinarske etike i vjerodostojne samoregulacije\u201d, zaklju\u010dili su u ovoj nevladinoj organizaciji.<\/p>","protected":false},"excerpt":{"rendered":"<p>Izvr\u0161na direktorka Akcije za ljudska prava\u00a0Tea Gorjanc Prelevi\u0107\u00a0podnijela je \u017ealbu ombudsmanu portala PRESS\u00a0Sr\u0111anu Ru\u017ei\u0107u\u00a0zbog vi\u0161e kr\u0161enja Kodeksa novinara Crne Gore u tekstu objavljenom na tom portalu 25. avgusta \u201cMu\u017e Tee Gorjanc Prelevi\u0107 razvio gra\u0111evinski biznis sa \u017eirantom sestri\u0107a Mila \u0110ukanovi\u0107a\u201d.<\/p>","protected":false},"author":1,"featured_media":496931,"comment_status":"open","ping_status":"open","sticky":false,"template":"","format":"standard","meta":{"_acf_changed":false,"footnotes":"","jetpack_publicize_message":"","jetpack_publicize_feature_enabled":true,"jetpack_social_post_already_shared":false,"jetpack_social_options":{"image_generator_settings":{"template":"highway","default_image_id":0,"font":"","enabled":false},"version":2}},"categories":[9],"tags":[6368,4581],"naslovna":[],"class_list":["post-833485","post","type-post","status-publish","format-standard","has-post-thumbnail","hentry","category-drustvo","tag-portal-press","tag-tea-gorjanac-prelevic"],"acf":[],"jetpack_publicize_connections":[],"_links":{"self":[{"href":"https:\/\/gradski.me\/en\/wp-json\/wp\/v2\/posts\/833485","targetHints":{"allow":["GET"]}}],"collection":[{"href":"https:\/\/gradski.me\/en\/wp-json\/wp\/v2\/posts"}],"about":[{"href":"https:\/\/gradski.me\/en\/wp-json\/wp\/v2\/types\/post"}],"author":[{"embeddable":true,"href":"https:\/\/gradski.me\/en\/wp-json\/wp\/v2\/users\/1"}],"replies":[{"embeddable":true,"href":"https:\/\/gradski.me\/en\/wp-json\/wp\/v2\/comments?post=833485"}],"version-history":[{"count":0,"href":"https:\/\/gradski.me\/en\/wp-json\/wp\/v2\/posts\/833485\/revisions"}],"wp:featuredmedia":[{"embeddable":true,"href":"https:\/\/gradski.me\/en\/wp-json\/wp\/v2\/media\/496931"}],"wp:attachment":[{"href":"https:\/\/gradski.me\/en\/wp-json\/wp\/v2\/media?parent=833485"}],"wp:term":[{"taxonomy":"category","embeddable":true,"href":"https:\/\/gradski.me\/en\/wp-json\/wp\/v2\/categories?post=833485"},{"taxonomy":"post_tag","embeddable":true,"href":"https:\/\/gradski.me\/en\/wp-json\/wp\/v2\/tags?post=833485"},{"taxonomy":"naslovna","embeddable":true,"href":"https:\/\/gradski.me\/en\/wp-json\/wp\/v2\/naslovna?post=833485"}],"curies":[{"name":"wp","href":"https:\/\/api.w.org\/{rel}","templated":true}]}}