{"id":833295,"date":"2025-09-14T14:59:00","date_gmt":"2025-09-14T12:59:00","guid":{"rendered":"https:\/\/gradski.me\/?p=833295"},"modified":"2025-09-14T14:59:00","modified_gmt":"2025-09-14T12:59:00","slug":"mirkovic-politicki-napadi-targetiranja-i-zagovaranje-zakona-o-stranim-agentima-ozbiljno-prijete-kritickoj-misli","status":"publish","type":"post","link":"https:\/\/gradski.me\/en\/drustvo\/mirkovic-politicki-napadi-targetiranja-i-zagovaranje-zakona-o-stranim-agentima-ozbiljno-prijete-kritickoj-misli\/","title":{"rendered":"Mirkovi\u0107: Politi\u010dki napadi, targetiranja i zagovaranje Zakona o stranim agentima ozbiljno prijete kriti\u010dkoj misli"},"content":{"rendered":"<p><\/p>\n\n\n\n<p><br><\/p>\n\n\n\n<p><\/p>\n\n\n\n<p>&#8222;Na\u017ealost, svakodnevno svjedo\u010dimo lo\u0161im pokazateljima u oblasti osnovnih ljudskih prava, sloboda i demokratske prakse. Jedan od posljednjih primjera je i prekid manifestacije D\u017eada Film Fest, koji je ogolio klimu u kojoj se nacionalisti\u010dki i \u0161ovinisti\u010dki incidenti de\u0161avaju sve \u010de\u0161\u0107e i na do sada nezabilje\u017eenim mjestima. Posebno je zabrinjavaju\u0107e \u0161to se to reflektuje i kroz mla\u0111e generacije, iako bi u multietni\u010dkom dru\u0161tvu tolerancija trebalo da bude stub zajedni\u010dkog \u017eivota&#8220;, ka\u017ee Mirkovi\u0107.<\/p>\n\n\n\n<p>Istovremeno, prostor za, kako dodaje, kriti\u010dki orijentisane pojedince i organizacije civilnog dru\u0161tva sve je u\u017ei.<\/p>\n\n\n\n<p>&#8222;Politi\u010dki napadi, targetiranja i prijetnje, kao i sve zagovaranje Zakona o stranim agentima, preuzetog iz autoritarnih re\u017eima, ozbiljno prijete slobodi izra\u017eavanja i kriti\u010dkoj misli. Mnogi su bili \u0161okirani posljednjim talasom uvreda i prijetnji koje je predsjednik DNP-a, Milan Kne\u017eevi\u0107, uputio gra\u0111anskom aktivisti Aleksandru Dragi\u0107evi\u0107u, samo zato \u0161to je javno izrazio stav o jednom ekolo\u0161kom pitanju&#8220;, isti\u010de Mirkovi\u0107.<\/p>\n\n\n\n<p>Poru\u010duje da je demokratija je slo\u017een, ali najhumaniji sistem.<\/p>\n\n\n\n<p>&#8222;Njena snaga je u jednakosti svakog glasa, ali ta snaga postaje i slabost kada sistem ne ula\u017ee u obrazovanje i emancipaciju gra\u0111anstva, a dru\u0161tvo ostaje podlo\u017eno manipulacijama. Zato je nu\u017eno kontinuirano politi\u010dko obrazovanje, kako gra\u0111ana i gra\u0111anki, tako i onih koji direktno donose odluke i oblikuju \u017eivote svih nas. U tom kontekstu, CGO preko 20 godina radi na demokratizaciji i evropeizaciji crnogorskog dru\u0161tva kroz neformalno obrazovanje, rad sa mladima, u\u010denicima, studentima, institucijama i donosiocima odluka. I taj posao nema kraja, jer se demokratija stalno u\u010di&#8220;, isti\u010de Mirkovi\u0107.<\/p>\n\n\n\n<p>Dodaje da Dan demokratije do\u010dekujemo i u trenutku kada svijet i njegovi lideri sve \u010de\u0161\u0107e odstupaju od vrijednosti koje javno zagovaraju.<\/p>\n\n\n\n<p>&#8222;Ukrajina i Gaza nam daju primjere brutalnog ga\u017eenja ljudskih prava, naro\u010dito djece u Gazi. Dok glavni demokratski centri slabe, konzervativne i desni\u010darske snage ja\u010daju i u Evropi i u Americi, a autoritarni re\u017eimi u\u010dvr\u0161\u0107uju svoj polo\u017eaj.<\/p>\n\n\n\n<p>Ipak, ono \u0161to uliva nadu jeste sve ve\u0107a spremnost gra\u0111ana i gra\u0111anski da brane svoja prava. U Crnoj Gori sve vi\u0161e ljudi odbija kr\u0161enje svojiih prava i pru\u017ea otpor na razli\u010dite na\u010dine. Studentski protesti u Srbiji i gra\u0111anske mobilizacije \u0161irom EU dodatno potvr\u0111uju da pravo na protest, okupljanje i udru\u017eivanje ostaje najja\u010de oru\u017eje demokratije&#8220;, navodi Mirkovi\u0107.<\/p>\n\n\n\n<p>Nedemokrati\u010dnost vlasti se, poru\u010duje, pokazuje i kroz poku\u0161aj da se ograni\u010di pravo na javno okupljanje.<\/p>\n\n\n\n<p>&#8222;Demokratija u Crnoj Gori mo\u017ee biti odr\u017eiva samo ako institucije dosljedno \u0161tite prava svih gra\u0111ana i gra\u0111anki, a politi\u010dke strukture preuzmu odgovornost za izgradnju dru\u0161tva u kojem se povjerenje, jednakost i sloboda podrazumijevaju. Istovremeno, prava mjera njenog razvoja le\u017ei u snazi gra\u0111anstva da istraju u zahtjevima za pravdom i slobodom, dok je zadatak institucija i politi\u010dara da taj glas ne ugu\u0161e, ve\u0107 da ga preto\u010de u javne politike koje mijenjaju dru\u0161tvo nabolje&#8220;, zaklju\u010dio je Mirkovi\u0107.<\/p>","protected":false},"excerpt":{"rendered":"<p>Uo\u010di Me\u0111unarodnog dana demokratije, koji se obilje\u017eava 15. septembra, Centar za gra\u0111ansko obrazovanje (CGO) ukazuje na rastu\u0107i raskorak izme\u0111u formalnog napretka Crne Gore u procesu EU integracija i stvarnog stanja kada je rije\u010d o razvoju i primjeni demokratskih standarda, kazao je saradnik na programima Nikola Mirkovi\u0107.<\/p>","protected":false},"author":1,"featured_media":741873,"comment_status":"open","ping_status":"open","sticky":false,"template":"","format":"standard","meta":{"_acf_changed":false,"footnotes":"","jetpack_publicize_message":"","jetpack_publicize_feature_enabled":true,"jetpack_social_post_already_shared":false,"jetpack_social_options":{"image_generator_settings":{"template":"highway","default_image_id":0,"font":"","enabled":false},"version":2}},"categories":[9],"tags":[798,6374],"naslovna":[],"class_list":["post-833295","post","type-post","status-publish","format-standard","has-post-thumbnail","hentry","category-drustvo","tag-cgo","tag-pritisci"],"acf":[],"jetpack_publicize_connections":[],"_links":{"self":[{"href":"https:\/\/gradski.me\/en\/wp-json\/wp\/v2\/posts\/833295","targetHints":{"allow":["GET"]}}],"collection":[{"href":"https:\/\/gradski.me\/en\/wp-json\/wp\/v2\/posts"}],"about":[{"href":"https:\/\/gradski.me\/en\/wp-json\/wp\/v2\/types\/post"}],"author":[{"embeddable":true,"href":"https:\/\/gradski.me\/en\/wp-json\/wp\/v2\/users\/1"}],"replies":[{"embeddable":true,"href":"https:\/\/gradski.me\/en\/wp-json\/wp\/v2\/comments?post=833295"}],"version-history":[{"count":0,"href":"https:\/\/gradski.me\/en\/wp-json\/wp\/v2\/posts\/833295\/revisions"}],"wp:featuredmedia":[{"embeddable":true,"href":"https:\/\/gradski.me\/en\/wp-json\/wp\/v2\/media\/741873"}],"wp:attachment":[{"href":"https:\/\/gradski.me\/en\/wp-json\/wp\/v2\/media?parent=833295"}],"wp:term":[{"taxonomy":"category","embeddable":true,"href":"https:\/\/gradski.me\/en\/wp-json\/wp\/v2\/categories?post=833295"},{"taxonomy":"post_tag","embeddable":true,"href":"https:\/\/gradski.me\/en\/wp-json\/wp\/v2\/tags?post=833295"},{"taxonomy":"naslovna","embeddable":true,"href":"https:\/\/gradski.me\/en\/wp-json\/wp\/v2\/naslovna?post=833295"}],"curies":[{"name":"wp","href":"https:\/\/api.w.org\/{rel}","templated":true}]}}