{"id":832258,"date":"2025-09-12T13:16:00","date_gmt":"2025-09-12T11:16:00","guid":{"rendered":"https:\/\/gradski.me\/?p=832258"},"modified":"2025-09-12T13:16:00","modified_gmt":"2025-09-12T11:16:00","slug":"amerikanci-frustrirani-netanjahuom-smatraju-da-zeli-unistiti-pregovore-o-miru-u-gazi","status":"publish","type":"post","link":"https:\/\/gradski.me\/en\/svijet\/amerikanci-frustrirani-netanjahuom-smatraju-da-zeli-unistiti-pregovore-o-miru-u-gazi\/","title":{"rendered":"Amerikanci frustrirani Netanjahuom: Smatraju da \u017eeli uni\u0161titi pregovore o miru u Gazi"},"content":{"rendered":"<p><\/p>\n\n\n\n<p>Izvje\u0161taj u Politiku citira neimenovani izvor koji opisuje kao &#8222;bliskog predsjednikovom timu za nacionalnu bezbjednost&#8220;, koji ka\u017ee da je bomba\u0161ki napad u utorak na najvi\u0161e zvani\u010dnike Hamasa u Dohi mo\u017eda bio namjeran potez kako bi se ometali pregovori.<\/p>\n\n\n\n<p>&#8222;Svaki put kad napreduju, \u010dini se kao da nekoga bombarduje. Zato su predsjednik i njegovi pomo\u0107nici toliko frustrirani Netanjahuom&#8220;, ka\u017ee izvor, prema Politiku.<\/p>\n\n\n\n<p>Izvor je tako\u0111e rekao Politiku da je ameri\u010dki dr\u017eavni sekretar Marko Rubio razgovarao s katarskim liderima o pove\u0107anju odbrambene saradnje izme\u0111u njihove dvije zemlje.<\/p>\n\n\n\n<p>Tramp je kritikovao napad na Katar, ameri\u010dkog saveznika, i obe\u0107ao da se to ne\u0107e ponoviti, a istovremeno je rekao da je ubijanje \u010delnika Hamasa &#8222;vrijedan cilj&#8220;. Hamas tvrdi da njegovi lideri nisu ubijeni u napadu.<\/p>\n\n\n\n<p>&#8222;To je bio najjavniji kriti\u010dki izraz koji sam vidio od republikanskog predsjednika prema izraelskom lideru u prili\u010dno dugo vremena&#8220;, rekao je izvor Politiku u vezi s Trampovom objavom na dru\u0161tvenim mre\u017eama nakon napada.<\/p>\n\n\n\n<p><\/p>","protected":false},"excerpt":{"rendered":"<p>Navodno je osoblje ameri\u010dkog predsjednika Donalda Trampa sve vi\u0161e frustrirano premijerom Izraela Benjaminom Netanjahuom te je, nakon izraelskih napada na vo\u0111stvo Hamasa u Kataru, zabrinuto da on \u017eeli potkopati pregovore o prekidu vatre i sporazumu o osloba\u0111anju zarobljenika.<\/p>","protected":false},"author":1,"featured_media":371028,"comment_status":"open","ping_status":"open","sticky":false,"template":"","format":"standard","meta":{"_acf_changed":false,"footnotes":"","jetpack_publicize_message":"","jetpack_publicize_feature_enabled":true,"jetpack_social_post_already_shared":false,"jetpack_social_options":{"image_generator_settings":{"template":"highway","default_image_id":0,"font":"","enabled":false},"version":2}},"categories":[14],"tags":[3995,749,6213,275,6214],"naslovna":[],"class_list":["post-832258","post","type-post","status-publish","format-standard","has-post-thumbnail","hentry","category-svijet","tag-amerikanci","tag-benjamin-netanjahu","tag-frustracija","tag-gaza","tag-pregovori-o-miru"],"acf":[],"jetpack_publicize_connections":[],"_links":{"self":[{"href":"https:\/\/gradski.me\/en\/wp-json\/wp\/v2\/posts\/832258","targetHints":{"allow":["GET"]}}],"collection":[{"href":"https:\/\/gradski.me\/en\/wp-json\/wp\/v2\/posts"}],"about":[{"href":"https:\/\/gradski.me\/en\/wp-json\/wp\/v2\/types\/post"}],"author":[{"embeddable":true,"href":"https:\/\/gradski.me\/en\/wp-json\/wp\/v2\/users\/1"}],"replies":[{"embeddable":true,"href":"https:\/\/gradski.me\/en\/wp-json\/wp\/v2\/comments?post=832258"}],"version-history":[{"count":0,"href":"https:\/\/gradski.me\/en\/wp-json\/wp\/v2\/posts\/832258\/revisions"}],"wp:featuredmedia":[{"embeddable":true,"href":"https:\/\/gradski.me\/en\/wp-json\/wp\/v2\/media\/371028"}],"wp:attachment":[{"href":"https:\/\/gradski.me\/en\/wp-json\/wp\/v2\/media?parent=832258"}],"wp:term":[{"taxonomy":"category","embeddable":true,"href":"https:\/\/gradski.me\/en\/wp-json\/wp\/v2\/categories?post=832258"},{"taxonomy":"post_tag","embeddable":true,"href":"https:\/\/gradski.me\/en\/wp-json\/wp\/v2\/tags?post=832258"},{"taxonomy":"naslovna","embeddable":true,"href":"https:\/\/gradski.me\/en\/wp-json\/wp\/v2\/naslovna?post=832258"}],"curies":[{"name":"wp","href":"https:\/\/api.w.org\/{rel}","templated":true}]}}