{"id":832212,"date":"2025-09-12T11:20:00","date_gmt":"2025-09-12T09:20:00","guid":{"rendered":"https:\/\/gradski.me\/?p=832212"},"modified":"2026-03-03T16:48:27","modified_gmt":"2026-03-03T15:48:27","slug":"akcija-lockdown-krivicne-prijave-zbog-sumnje-da-su-ostecen-drzavni-budzet-za-vise-od-109-000-eura","status":"publish","type":"post","link":"https:\/\/gradski.me\/en\/hronika\/akcija-lockdown-krivicne-prijave-zbog-sumnje-da-su-ostecen-drzavni-budzet-za-vise-od-109-000-eura\/","title":{"rendered":"Podnijete krivi\u010dne zbog sumnje da su zloupotrijebili sredstva od 109.000 eura za osobe sa invaliditetom"},"content":{"rendered":"<p><\/p>\n\n\n\n<p>&#8220;Naime, zbog sumnje da su izvr\u0161ili<strong> <\/strong>criminal offenses<strong> <\/strong>prevara u produ\u017eenom trajanju<strong> <\/strong>i krivi\u010dna djela falsifikovanje isprave u produ\u017eenom trajanju, krivi\u010dna prijava je podnijeta protiv<strong> <\/strong>pravnog lica<strong> <\/strong>\u201eM\u201d d.o.o. Bijelo Polje, osniva\u010da i izvr\u0161nog direktora <strong>D.M. (54)<\/strong> i ra\u010dunovo\u0111e \u2013 knjigovo\u0111e <strong>B.M. (46)<\/strong>&#8220;. navode izUprave policije.<\/p>\n\n\n\n<p>U toku postupka do podno\u0161enja krivi\u010dne prijave utvr\u0111eno je da su prijavljeni<strong> <\/strong>krivi\u010dna djela po\u010dinili na na\u010din \u0161to su postupaju\u0107i u svoje ime i za svoj ra\u010dun, kao i u ime i za ra\u010dun pravnog lica \u201eM\u201c d.o.o. Bijelo Polje, i to D.M.u svojstvu osniva\u010da i izvr\u0161nog direktora, a B.M.kao ra\u010dunovo\u0111a \u2013 knjigovo\u0111a prijavljenog pravnog lica, u kontinuitetu tokom 2022, 2023, 2024. i 2025. godine, u namjeri da sebi i pravnom licu pribave protivpravnu imovinsku korist, la\u017enim prikazivanjem \u010dinjenica doveli u zabludu dr\u017eavnog slu\u017ebenika V.J., zaposlenog u Zavodu za zapo\u0161ljavanje Crne Gore \u2013 Fondu za profesionalnu rehabilitaciju, dostavljaju\u0107i mu falsifikovane izvode banke o navodno ispla\u0107enim li\u010dnim dohocima za pet zaposlenih lica, kako bi im na ime subvencija za osobe sa invaliditetom, bili izvr\u0161eni prenosi nov\u010danih sredstava sa ra\u010duna Glavnog dr\u017eavnog trezora na ra\u010dun prijavljenog pravnog lica, iako prijavljeno pravno lice nije obavljalo privrednu djelatnost, niti su pomenuta fizi\u010dka lica bila stvarno zaposlena, ve\u0107 su bila fiktivno prijavljena kao zaposlena, \u010dime su prijavljeni ostvarili protivpravnu imovinsku korist u ukupnom iznosu od 109.378,78 eura, a na direktnu \u0161tetu bud\u017eeta Crne Gore, isti\u010du iz Uprave policije.<\/p>\n\n\n\n<p>&#8220;Slu\u017ebenici Sektora za borbu protiv kriminala \u0107e i u narednom periodu nastaviti sa preduzimanjem intenzivnih aktivnosti na identifikovanju i krivi\u010dnom procesuiranju svih fizi\u010dkih i pravnih lica koja prilikom obavljanja privredne djelatnosti, a u cilju sticanja protivpravne imovinske koristi, vr\u0161e ovakve i sli\u010dne prevare dr\u017eavnih organa, na \u0161tetu bud\u017eeta i gra\u0111ana Crne Gore&#8220;, zaklju\u010duju iz Uprave policije.<\/p>","protected":false},"excerpt":{"rendered":"<p>Slu\u017ebenici Sektora za borbu protiv kriminala \u2013 Odsjeka za borbu protiv korupcije, ekonomskog kriminala i sprovo\u0111enje finansijskih istraga, u koordinaciji sa Osnovnim dr\u017eavnim tu\u017eila\u0161tvom u Bijelom Polju su, u okviru akcije kodnog naziva \u201eLockdown\u201d, usmjerene na otkrivanje i krivi\u010dno procesuiranje fizi\u010dkih i pravnih lica koja svojim prevarnim radnjama dovode u zabludu slu\u017ebenike Zavoda za zapo\u0161ljavanje \u2013 Fonda za profesionalnu rehabilitaciju i zapo\u0161ljavanje osoba sa invaliditetom, kako bi im se u cilju sticanja protivpravne imovinske koristi, vr\u0161ile isplate subvencija za osobe sa invaliditetom, podnijeli krivi\u010dnu prijavu protiv jednog pravnog i dva fizi\u010dka lica., saop\u0161teno je iz Uprave policije.<\/p>","protected":false},"author":1,"featured_media":570736,"comment_status":"open","ping_status":"open","sticky":false,"template":"","format":"standard","meta":{"_acf_changed":false,"footnotes":"","jetpack_publicize_message":"","jetpack_publicize_feature_enabled":true,"jetpack_social_post_already_shared":false,"jetpack_social_options":{"image_generator_settings":{"template":"highway","default_image_id":0,"font":"","enabled":false},"version":2}},"categories":[10],"tags":[6196,3644,6197],"naslovna":[],"class_list":["post-832212","post","type-post","status-publish","format-standard","has-post-thumbnail","hentry","category-hronika","tag-akcija-lockdown","tag-krivicne-prijave","tag-ostecen-drzavni-budzet"],"acf":[],"jetpack_publicize_connections":[],"_links":{"self":[{"href":"https:\/\/gradski.me\/en\/wp-json\/wp\/v2\/posts\/832212","targetHints":{"allow":["GET"]}}],"collection":[{"href":"https:\/\/gradski.me\/en\/wp-json\/wp\/v2\/posts"}],"about":[{"href":"https:\/\/gradski.me\/en\/wp-json\/wp\/v2\/types\/post"}],"author":[{"embeddable":true,"href":"https:\/\/gradski.me\/en\/wp-json\/wp\/v2\/users\/1"}],"replies":[{"embeddable":true,"href":"https:\/\/gradski.me\/en\/wp-json\/wp\/v2\/comments?post=832212"}],"version-history":[{"count":1,"href":"https:\/\/gradski.me\/en\/wp-json\/wp\/v2\/posts\/832212\/revisions"}],"predecessor-version":[{"id":913351,"href":"https:\/\/gradski.me\/en\/wp-json\/wp\/v2\/posts\/832212\/revisions\/913351"}],"wp:featuredmedia":[{"embeddable":true,"href":"https:\/\/gradski.me\/en\/wp-json\/wp\/v2\/media\/570736"}],"wp:attachment":[{"href":"https:\/\/gradski.me\/en\/wp-json\/wp\/v2\/media?parent=832212"}],"wp:term":[{"taxonomy":"category","embeddable":true,"href":"https:\/\/gradski.me\/en\/wp-json\/wp\/v2\/categories?post=832212"},{"taxonomy":"post_tag","embeddable":true,"href":"https:\/\/gradski.me\/en\/wp-json\/wp\/v2\/tags?post=832212"},{"taxonomy":"naslovna","embeddable":true,"href":"https:\/\/gradski.me\/en\/wp-json\/wp\/v2\/naslovna?post=832212"}],"curies":[{"name":"wp","href":"https:\/\/api.w.org\/{rel}","templated":true}]}}