{"id":832134,"date":"2025-09-12T09:23:00","date_gmt":"2025-09-12T07:23:00","guid":{"rendered":"https:\/\/gradski.me\/?p=832134"},"modified":"2026-03-11T13:50:20","modified_gmt":"2026-03-11T12:50:20","slug":"nastavljena-potraga-za-djevojkom-koja-se-utopila-na-lustici","status":"publish","type":"post","link":"https:\/\/gradski.me\/en\/hronika\/nastavljena-potraga-za-djevojkom-koja-se-utopila-na-lustici\/","title":{"rendered":"Nastavljena potraga za djevojkom koja se utopila na Lu\u0161tici"},"content":{"rendered":"<p><\/p>\n\n\n\n<p>Jutros je uz koordinaciju UPSUL pokrenuta opse\u017ena akcija potrage za nestalom djevojkom u uvali Traste.<\/p>\n\n\n\n<p>Helikopter MUP-a koji je anga\u017eovan preko OKC 112, ve\u0107 kru\u017ei oko mjesta gdje se ju\u010de djevojka utopila.<br>U 10 sati ronioci RCUD Bijela se ukrcavaju na \u010damac SAR-1 i vr\u0161i\u0107e pretragu podvodnog dijela, saop\u0161teno nam je iz UPSUL.<\/p>\n\n\n\n<p>Tako\u0111e, Lustica Bay tim za hitno reagovanje daje podrsku u potrazi i samoj marini za maniupulaciju sa spasiocima.<\/p>\n\n\n\n<p>Uklju\u010di\u0107e se u potragu i spasilacki skuteri UPSUL, dronovi i sva raspolo\u017eiva sredstva.<\/p>\n\n\n\n<p>Ronioci i slu\u017ebenici Plovne jedinice bezuspje\u0161no su ju\u010de poku\u0161avali da prona\u0111u i izvuku tijelo djevojke iz Srbije koja je upala u vodu kod rta Veslo na Lu\u0161tici.<\/p>\n\n\n\n<p>U tom trenutku, kako se vjeruje, uzburkano more i talasi povukli su djevojku.<\/p>\n\n\n\n<p>Ekipe policije i ronilaca uo\u010dile su u jednom trenutku tijelo djevojke kako pluta, ali lo\u0161e vremenske prilike i talasi onemogu\u0107ili su da pri\u0111u.<\/p>\n\n\n\n<p>Zbog toga je akcija izvla\u010denja nastavljena jutros.<\/p>","protected":false},"excerpt":{"rendered":"<p>Nastavljena je potraga za tijelom djevojke iz Vrnja\u010dke Banje koja se ju\u010de oko 15 sati utopila kod rta Veslo na Lu\u0161tici, dok se na jednoj od stijena fotografisala sa prijateljicom. Kako je saop\u0161teno iz Uprave pomorske sigurnosti i upravljanja lukama (UPSUL), rije\u010d je o nepristupa\u010dnom terenu, najte\u017eem za potragu u Crnoj Gori, zato je anga\u017eovan i helikopter MUP preko OKC 112.<\/p>","protected":false},"author":1,"featured_media":832112,"comment_status":"open","ping_status":"open","sticky":false,"template":"","format":"standard","meta":{"_acf_changed":false,"footnotes":"","jetpack_publicize_message":"","jetpack_publicize_feature_enabled":true,"jetpack_social_post_already_shared":false,"jetpack_social_options":{"image_generator_settings":{"template":"highway","default_image_id":0,"font":"","enabled":false},"version":2}},"categories":[10],"tags":[4560,6176,109,371],"naslovna":[],"class_list":["post-832134","post","type-post","status-publish","format-standard","has-post-thumbnail","hentry","category-hronika","tag-lustica","tag-potraga-na-moru","tag-uprava-policije","tag-upsul"],"acf":[],"jetpack_publicize_connections":[],"_links":{"self":[{"href":"https:\/\/gradski.me\/en\/wp-json\/wp\/v2\/posts\/832134","targetHints":{"allow":["GET"]}}],"collection":[{"href":"https:\/\/gradski.me\/en\/wp-json\/wp\/v2\/posts"}],"about":[{"href":"https:\/\/gradski.me\/en\/wp-json\/wp\/v2\/types\/post"}],"author":[{"embeddable":true,"href":"https:\/\/gradski.me\/en\/wp-json\/wp\/v2\/users\/1"}],"replies":[{"embeddable":true,"href":"https:\/\/gradski.me\/en\/wp-json\/wp\/v2\/comments?post=832134"}],"version-history":[{"count":1,"href":"https:\/\/gradski.me\/en\/wp-json\/wp\/v2\/posts\/832134\/revisions"}],"predecessor-version":[{"id":912945,"href":"https:\/\/gradski.me\/en\/wp-json\/wp\/v2\/posts\/832134\/revisions\/912945"}],"wp:featuredmedia":[{"embeddable":true,"href":"https:\/\/gradski.me\/en\/wp-json\/wp\/v2\/media\/832112"}],"wp:attachment":[{"href":"https:\/\/gradski.me\/en\/wp-json\/wp\/v2\/media?parent=832134"}],"wp:term":[{"taxonomy":"category","embeddable":true,"href":"https:\/\/gradski.me\/en\/wp-json\/wp\/v2\/categories?post=832134"},{"taxonomy":"post_tag","embeddable":true,"href":"https:\/\/gradski.me\/en\/wp-json\/wp\/v2\/tags?post=832134"},{"taxonomy":"naslovna","embeddable":true,"href":"https:\/\/gradski.me\/en\/wp-json\/wp\/v2\/naslovna?post=832134"}],"curies":[{"name":"wp","href":"https:\/\/api.w.org\/{rel}","templated":true}]}}