{"id":831973,"date":"2025-09-11T19:14:00","date_gmt":"2025-09-11T17:14:00","guid":{"rendered":"https:\/\/gradski.me\/?p=831973"},"modified":"2025-09-11T19:14:00","modified_gmt":"2025-09-11T17:14:00","slug":"video-jokic-za-obnovu-jusovace-izdvojeno-oko-tri-miliona-eura","status":"publish","type":"post","link":"https:\/\/gradski.me\/en\/podgorica\/video-jokic-za-obnovu-jusovace-izdvojeno-oko-tri-miliona-eura\/","title":{"rendered":"(VIDEO) Joki\u0107: Za obnovu &#8222;Jusova\u010de&#8220; izdvojeno oko tri miliona eura"},"content":{"rendered":"<p><\/p>\n\n\n\n<p>Rekonstrukcija \u010duvene Jusova\u010de \u2013 koja je slu\u017eila kao tamnica sve do 1945. godine, ko\u0161ta\u0107e oko tri miliona eura, ka\u017eu nadle\u017eni.\u00a0<\/p>\n\n\n\n<figure class=\"wp-block-image size-large\"><img fetchpriority=\"high\" decoding=\"async\" width=\"1024\" height=\"438\" src=\"https:\/\/new.gradski.me\/wp-content\/uploads\/2025\/09\/Captureddd-1024x438.jpg\" alt=\"\" class=\"wp-image-831978\" title=\"\" srcset=\"https:\/\/gradski.me\/wp-content\/uploads\/2025\/09\/Captureddd-1024x438.jpg 1024w, https:\/\/gradski.me\/wp-content\/uploads\/2025\/09\/Captureddd-300x128.jpg 300w, https:\/\/gradski.me\/wp-content\/uploads\/2025\/09\/Captureddd-768x328.jpg 768w, https:\/\/gradski.me\/wp-content\/uploads\/2025\/09\/Captureddd-1536x657.jpg 1536w, https:\/\/gradski.me\/wp-content\/uploads\/2025\/09\/Captureddd.jpg 1831w\" sizes=\"(max-width: 1024px) 100vw, 1024px\" \/><\/figure>\n\n\n\n<p>&#8222;Projekat obnove Jusova\u010de pa\u017eljivo je uskla\u0111en sa strate\u0161kim ciljevima kulture i kreativnih industrija u Crnoj Gori. Glavni grad Podgorica i Ministarstvo kulture i medija obezbijedili su novi projekat i gra\u0111evinsku dozvolu, vode\u0107i ra\u010duna o svim urbanisti\u010dkim i konzervatorskim uslovima&#8220;, istakao je Marko Joki\u0107, dr\u017eavni sekretar Ministarstva javnih radova.<\/p>\n\n\n\n<p>Cilj je, navode iz Agencije za izgradnju i razvoj Podgorice, \u00a0\u00a0o\u010duvati kulturno-istorijsku vrijednost Jusova\u010de, a istovremeno joj dodijeliti novu funkciju.<\/p>\n\n\n\n<p>Radovi koji su predvi\u0111eni prvom fazom uklju\u010duju: Rekonstrukciju i prenamjenu postoje\u0107eg objekta u\u00a0Kreativni hab, izgradnju novog objekta kao\u00a0multifunkcionalnog paviljona, sanaciju\u00a0ogradnih zidova i kula stra\u017eara, ure\u0111enje terena (centralni plato, trg, amfiteatar, zone za kreativni rad i zabavu). Novi multifunkcionalni paviljon namijenjen je za konferencije, predavanja, sastanke, izlo\u017ebe, u zavisnosti od potreba korisnika.<\/p>\n\n\n\n<p> U Ministasrstvu javnih radova nagla\u0161avaju zna\u010daj turisti\u010dke valorizacije Jusova\u010de.<\/p>\n\n\n\n<p>&#8222;Jusova\u010da postaje va\u017ean dio \u0161ire turisti\u010dke kulturne strategije dr\u017eave, doprinose\u0107i promociji kulturne ba\u0161tine i stvaranju novih ekonomskih prilika u na\u0161oj zemlji&#8220;, zaklju\u010duje Joki\u0107.<\/p>\n\n\n\n<p>Rekonstrukcija Jusova\u010de bi trebalo da se zavr\u0161i u roku od dvije godine.<\/p>\n\n\n\n<figure class=\"wp-block-embed is-type-video is-provider-youtube wp-block-embed-youtube wp-embed-aspect-16-9 wp-has-aspect-ratio\"><div class=\"wp-block-embed__wrapper\">\n<iframe title=\"Joki\u0107: Za obnovu &quot;Jusova\u010de&quot; izdvojeno oko tri miliona eura\" width=\"800\" height=\"450\" src=\"https:\/\/www.youtube.com\/embed\/PlF1_t_Q9g4?feature=oembed\" frameborder=\"0\" allow=\"accelerometer; autoplay; clipboard-write; encrypted-media; gyroscope; picture-in-picture; web-share\" referrerpolicy=\"strict-origin-when-cross-origin\" allowfullscreen><\/iframe>\n<\/div><\/figure>","protected":false},"excerpt":{"rendered":"<p>Nekada\u0161nja tamnica Jusova\u010da na Dra\u010du \u0107e, nakon rekonstrukcije koja \u0107e uskoro po\u010deti, dobiti novi izgled i namjenu. Rekonstrukcija \u0107e biti ura\u0111ena po svim standardima, poru\u010duju iz Ministarstva javnih radova.\u00a0<\/p>","protected":false},"author":1,"featured_media":831977,"comment_status":"open","ping_status":"open","sticky":false,"template":"","format":"standard","meta":{"_acf_changed":false,"footnotes":"","jetpack_publicize_message":"","jetpack_publicize_feature_enabled":true,"jetpack_social_post_already_shared":false,"jetpack_social_options":{"image_generator_settings":{"template":"highway","default_image_id":0,"font":"","enabled":false},"version":2}},"categories":[6],"tags":[6146,6147,805],"naslovna":[],"class_list":["post-831973","post","type-post","status-publish","format-standard","has-post-thumbnail","hentry","category-podgorica","tag-jusovaca","tag-marko-jokic","tag-ministarstvo-javnih-radova"],"acf":[],"jetpack_publicize_connections":[],"_links":{"self":[{"href":"https:\/\/gradski.me\/en\/wp-json\/wp\/v2\/posts\/831973","targetHints":{"allow":["GET"]}}],"collection":[{"href":"https:\/\/gradski.me\/en\/wp-json\/wp\/v2\/posts"}],"about":[{"href":"https:\/\/gradski.me\/en\/wp-json\/wp\/v2\/types\/post"}],"author":[{"embeddable":true,"href":"https:\/\/gradski.me\/en\/wp-json\/wp\/v2\/users\/1"}],"replies":[{"embeddable":true,"href":"https:\/\/gradski.me\/en\/wp-json\/wp\/v2\/comments?post=831973"}],"version-history":[{"count":0,"href":"https:\/\/gradski.me\/en\/wp-json\/wp\/v2\/posts\/831973\/revisions"}],"wp:featuredmedia":[{"embeddable":true,"href":"https:\/\/gradski.me\/en\/wp-json\/wp\/v2\/media\/831977"}],"wp:attachment":[{"href":"https:\/\/gradski.me\/en\/wp-json\/wp\/v2\/media?parent=831973"}],"wp:term":[{"taxonomy":"category","embeddable":true,"href":"https:\/\/gradski.me\/en\/wp-json\/wp\/v2\/categories?post=831973"},{"taxonomy":"post_tag","embeddable":true,"href":"https:\/\/gradski.me\/en\/wp-json\/wp\/v2\/tags?post=831973"},{"taxonomy":"naslovna","embeddable":true,"href":"https:\/\/gradski.me\/en\/wp-json\/wp\/v2\/naslovna?post=831973"}],"curies":[{"name":"wp","href":"https:\/\/api.w.org\/{rel}","templated":true}]}}