{"id":831832,"date":"2025-09-11T15:50:00","date_gmt":"2025-09-11T13:50:00","guid":{"rendered":"https:\/\/gradski.me\/?p=831832"},"modified":"2025-09-11T15:50:00","modified_gmt":"2025-09-11T13:50:00","slug":"perovic-osoba-bliska-gst-novovicu-svercovala-cigarete","status":"publish","type":"post","link":"https:\/\/gradski.me\/en\/hronika\/perovic-osoba-bliska-gst-novovicu-svercovala-cigarete\/","title":{"rendered":"Perovi\u0107: Osoba bliska GST Novovi\u0107u \u0161vercovala cigarete"},"content":{"rendered":"<p>&#8222;I da bez obzira \u0161to Specijalno dr\u017eavno tu\u017eila\u0161tvo (SDT) ima podatke o navedenim radnjama nije ga procesuiralo nego ga je za\u0161titilo&#8220;, rekla je Perovi\u0107, pi\u0161e portal &#8222;Vijesti&#8220;.<\/p>\n\n\n\n<p>Te informacije joj je, navodno kazao zvi\u017eda\u010d, sa kojim je imala sastanak u Ljubljani, \u0161to je navodno bio razlog njenog putovanja u taj grad. SDT je, me\u0111utim, tereti da je to privatno putovanje na koje je povela \u0107erku, la\u017eno predstavila kao slu\u017ebeno kako bi tro\u0161kove naknadila kao tro\u0161kove prevoza u inostranstvu i svojeru\u010dno potpisala zahtjev upu\u0107en Dr\u017eavnom trezoru Ministarstva finansija, \u010dime je odobrila da joj se sa ra\u010duna ASK, na ime tro\u0161kova navodnog slu\u017ebenog putovanja u inostranstvo, isplati ukupno 542,20 eura.<\/p>\n\n\n\n<p>&#8222;Dobila sam i rutu puta, kao i sadr\u017eaj cigareta, a dobili smo i podatke da iz Skaj komunikacije &#8211; za koju smatram da sama za sebe ne mo\u017ee biti dokaz nego putokaz za ozbiljna krivi\u010dna djela, da su neke strukture iz vlasti povezane sa pranjem novca u zemljama regiona. To je sadr\u017eina razgovora sa pomenutim zvi\u017eda\u010dem&#8220;, kazala je&nbsp;Perovi\u0107&nbsp;na dana\u0161njem ro\u010di\u0161tu.<\/p>\n\n\n\n<p>Ona je rekla i da je znala da je pod mjerama tajnog nadzora (MTN) ali da za to nikad nije dobila obavje\u0161tenje od suda, i da je zbog toga koristila telefone bliskih \u010dlanova porodice i prijatelja. SDT je tereti da je protivpravnim iskori\u0161\u0107avanjem svog slu\u017ebenog polo\u017eaja i prekora\u010denjem granica svog slu\u017ebenog ovla\u0161\u0107enja vi\u0161e telefona koji su bili svojina ASK predavala na kori\u0161\u0107enje ili u svojinu svojoj maloljetnoj k\u0107erki i svom ocu, maloljetnoj k\u0107erki N.L., sa kojim je okrivljena zaklju\u010divala ugovore o djelu, a koja nije bila zaposlena u Agenciji, V.P., majci okrivljene Paovi\u0107 i Momu Radulovi\u0107u koji je mobilni telefon koristio i po isteku mandata.<\/p>\n\n\n\n<p>&#8222;Sve sam ovo radila kako bih bezbjedonosnim strukturama u koje spada i tu\u017eila\u0161tvo zavarala trag, ali ne u smislu vr\u0161enja krivi\u010dnih djela ve\u0107 u za\u0161titu mojih kontakata koji su mi davali informacije u borbi protiv korupcije&#8220;, kazala je Perovi\u0107 i dodala da su se neki telefonski razgovori koje je imala ticali preduze\u0107a Po\u0161ta Crne Gore, Skijali\u0161te, Crnogorskog elektrodistributivnog sistema (CEDIS), koja su, prema njenim rije\u010dima, po politi\u010dkoj dubini pripadala Demokratama.<\/p>\n\n\n\n<p>Objasnila je da je telefone povremeno davala \u010dlanovima porodice na kori\u0161\u0107enje, ali da im nije potpisala pravo svojine, jer ga ni ona nije imala jer su bili u vlasni\u0161tvu Agencije.<\/p>\n\n\n\n<p>Ona je na dana\u0161njem ro\u010di\u0161tu kazala i da je postojao navodni dogovor izme\u0111u tu\u017eiteljke Osnovnog dr\u017eavnog tu\u017eila\u0161tva Maje Jankovi\u0107 i potpredsjednika Vlade za bezbjednost, odbranu, borbu protiv kriminala i unutra\u0161nju politiku Alekse Be\u010di\u0107a o njenom hap\u0161enju, pi\u0161e portal &#8222;Vijesti&#8220;.<\/p>\n\n\n\n<p>&#8222;To je objavljeno u 10 na jednoj televiziji, a ja sam uhap\u0161ena tri sata kasnije, \u0161to zna\u010di da je postojao dogovor o mom hap\u0161enju&#8220;, kazala je Perovi\u0107.<\/p>\n\n\n\n<p>Ona je negirala krivicu i krivi\u010dna djela koja joj se stavljaju na teret, i dodala je da &#8222;nije o\u0161te\u0107ena dr\u017eava, ve\u0107 ASK, ukoliko uop\u0161te ima \u0161tete&#8220;.<\/p>\n\n\n\n<p>Ona je nije htjela da odgovara na pitanja tu\u017eila\u0161tva, ve\u0107 samo na pitanja odbrane i suda.<\/p>","protected":false},"excerpt":{"rendered":"<p>Saznala sam da je jedna osoba iz pravosudnog sistema koja je bliska glavnom specijalnom tu\u017eiocu Vladimiru Novovi\u0107u \u0161vercovala cigarete, kazala je na ro\u010di\u0161tu u podgori\u010dkom Vi\u0161em sudu biv\u0161a direktorica Agencije za spre\u010davanje korupcije Jelena Perovi\u0107 tokom izno\u0161enja svoje odbrane koje je trajala vi\u0161e od tri sata.<\/p>","protected":false},"author":1,"featured_media":762938,"comment_status":"open","ping_status":"open","sticky":false,"template":"","format":"standard","meta":{"_acf_changed":false,"footnotes":"","jetpack_publicize_message":"","jetpack_publicize_feature_enabled":true,"jetpack_social_post_already_shared":false,"jetpack_social_options":{"image_generator_settings":{"template":"highway","default_image_id":0,"font":"","enabled":false},"version":2}},"categories":[10],"tags":[6111,4291,5130],"naslovna":[],"class_list":["post-831832","post","type-post","status-publish","format-standard","has-post-thumbnail","hentry","category-hronika","tag-gst","tag-jelena-perovic","tag-vladimir-novovic"],"acf":[],"jetpack_publicize_connections":[],"_links":{"self":[{"href":"https:\/\/gradski.me\/en\/wp-json\/wp\/v2\/posts\/831832","targetHints":{"allow":["GET"]}}],"collection":[{"href":"https:\/\/gradski.me\/en\/wp-json\/wp\/v2\/posts"}],"about":[{"href":"https:\/\/gradski.me\/en\/wp-json\/wp\/v2\/types\/post"}],"author":[{"embeddable":true,"href":"https:\/\/gradski.me\/en\/wp-json\/wp\/v2\/users\/1"}],"replies":[{"embeddable":true,"href":"https:\/\/gradski.me\/en\/wp-json\/wp\/v2\/comments?post=831832"}],"version-history":[{"count":0,"href":"https:\/\/gradski.me\/en\/wp-json\/wp\/v2\/posts\/831832\/revisions"}],"wp:featuredmedia":[{"embeddable":true,"href":"https:\/\/gradski.me\/en\/wp-json\/wp\/v2\/media\/762938"}],"wp:attachment":[{"href":"https:\/\/gradski.me\/en\/wp-json\/wp\/v2\/media?parent=831832"}],"wp:term":[{"taxonomy":"category","embeddable":true,"href":"https:\/\/gradski.me\/en\/wp-json\/wp\/v2\/categories?post=831832"},{"taxonomy":"post_tag","embeddable":true,"href":"https:\/\/gradski.me\/en\/wp-json\/wp\/v2\/tags?post=831832"},{"taxonomy":"naslovna","embeddable":true,"href":"https:\/\/gradski.me\/en\/wp-json\/wp\/v2\/naslovna?post=831832"}],"curies":[{"name":"wp","href":"https:\/\/api.w.org\/{rel}","templated":true}]}}