{"id":831538,"date":"2025-09-11T09:15:00","date_gmt":"2025-09-11T07:15:00","guid":{"rendered":"https:\/\/gradski.me\/?p=831538"},"modified":"2025-09-11T09:15:00","modified_gmt":"2025-09-11T07:15:00","slug":"milatovic-fidan-odlicni-politicki-odnosi-crne-gore-i-turske-najbolja-osnova-za-nove-projekte","status":"publish","type":"post","link":"https:\/\/gradski.me\/en\/politika\/milatovic-fidan-odlicni-politicki-odnosi-crne-gore-i-turske-najbolja-osnova-za-nove-projekte\/","title":{"rendered":"Milatovi\u0107 \u2013 Fidan: Odli\u010dni politi\u010dki odnosi Crne Gore i Turske najbolja osnova za nove projekte"},"content":{"rendered":"<p><\/p>\n\n\n\n<p>Predsjednik Milatovi\u0107 istakao je da Crnu Goru i Tursku povezuje 146 godina diplomatskih odnosa, te da su dvije dr\u017eave primjer kako se od nekada\u0161njih suparnika, zalaganjem i vizijom, postaje strate\u0161ki partner.<\/p>\n\n\n\n<p>\u201eFormiranjem Savjeta za saradnju na visokom nivou stvori\u0107emo okvir za dublje povezivanje i bli\u017eu saradnju. Svaki susret prilika je da otvorimo nova vrata \u2013 za investicije, ekonomsku saradnju i nova radna mjesta. To je na\u010din da na\u0161e prijateljstvo preto\u010dimo u konkretne rezultate za na\u0161e gra\u0111ane\u201c, poru\u010dio je Milatovi\u0107.<\/p>\n\n\n\n<p>On je podsjetio da je Turska vode\u0107i investitor u Crnoj Gori, da sve vi\u0161e turskih turista posje\u0107uje na\u0161u zemlju, \u010demu doprinosi dobra avio-povezanost izme\u0111u dvije dr\u017eave.<\/p>\n\n\n\n<p>Kako navode u saop\u0161tenju, Fidan je istakao da postoji zna\u010dajan prostor za ja\u010danje saradnje u oblasti trgovine, turizma i investicija, uz ocjenu da odli\u010dni politi\u010dki odnosi predstavljaju najbolju osnovu za nove projekte.<\/p>\n\n\n\n<p>&#8222;Crna Gora i Turska, kao saveznice u NATO-u i zemlje na evropskom putu, dijele viziju stabilnog i bezbjednog evropskog i evroatlantskog prostora. Crna Gora vidi Tursku kao va\u017enog partnera u izgradnji prosperitetnijeg regiona, a obje strane izrazile su spremnost da zajedni\u010dkim inicijativama dodatno prodube saradnju\u201c, navedeno je tokom sastanka.<\/p>\n\n\n\n<p>Tokom razgovora istaknuto je da je predsjednik Milatovi\u0107 uputio poziv predsjedniku Republike Turske Red\u017eepu Tajipu Erdoganu da naredne godine, povodom obilje\u017eavanja 20 godina obnove nezavisnosti Crne Gore, posjeti Podgoricu, a o\u010dekuje se da bi takva posjeta bila sna\u017ena potvrda strate\u0161kog partnerstva dvije dr\u017eave.<\/p>\n\n\n\n<p>Sastanku su prisustvovali potpredsjednik Vlade i ministar vanjskih poslova Ervin Ibrahimovi\u0107 i ministar za dijasporu Mirsad Azemovi\u0107.<\/p>","protected":false},"excerpt":{"rendered":"<p>Predsjednik Crne Gore Jakov Milatovi\u0107 boravi u Istanbulu gdje se sastao sa ministrom vanjskih poslova Turske Hakanom Fidanom. Razgovarano je o daljem ja\u010danju politi\u010dke i ekonomske saradnje dvije dr\u017eave.<\/p>","protected":false},"author":1,"featured_media":831539,"comment_status":"open","ping_status":"open","sticky":false,"template":"","format":"standard","meta":{"_acf_changed":false,"footnotes":"","jetpack_publicize_message":"","jetpack_publicize_feature_enabled":true,"jetpack_social_post_already_shared":false,"jetpack_social_options":{"image_generator_settings":{"template":"highway","default_image_id":0,"font":"","enabled":false},"version":2}},"categories":[7],"tags":[6018,78,1352],"naslovna":[],"class_list":["post-831538","post","type-post","status-publish","format-standard","has-post-thumbnail","hentry","category-politika","tag-hakan-fidan","tag-jakov-milatovic","tag-turska"],"acf":[],"jetpack_publicize_connections":[],"_links":{"self":[{"href":"https:\/\/gradski.me\/en\/wp-json\/wp\/v2\/posts\/831538","targetHints":{"allow":["GET"]}}],"collection":[{"href":"https:\/\/gradski.me\/en\/wp-json\/wp\/v2\/posts"}],"about":[{"href":"https:\/\/gradski.me\/en\/wp-json\/wp\/v2\/types\/post"}],"author":[{"embeddable":true,"href":"https:\/\/gradski.me\/en\/wp-json\/wp\/v2\/users\/1"}],"replies":[{"embeddable":true,"href":"https:\/\/gradski.me\/en\/wp-json\/wp\/v2\/comments?post=831538"}],"version-history":[{"count":0,"href":"https:\/\/gradski.me\/en\/wp-json\/wp\/v2\/posts\/831538\/revisions"}],"wp:featuredmedia":[{"embeddable":true,"href":"https:\/\/gradski.me\/en\/wp-json\/wp\/v2\/media\/831539"}],"wp:attachment":[{"href":"https:\/\/gradski.me\/en\/wp-json\/wp\/v2\/media?parent=831538"}],"wp:term":[{"taxonomy":"category","embeddable":true,"href":"https:\/\/gradski.me\/en\/wp-json\/wp\/v2\/categories?post=831538"},{"taxonomy":"post_tag","embeddable":true,"href":"https:\/\/gradski.me\/en\/wp-json\/wp\/v2\/tags?post=831538"},{"taxonomy":"naslovna","embeddable":true,"href":"https:\/\/gradski.me\/en\/wp-json\/wp\/v2\/naslovna?post=831538"}],"curies":[{"name":"wp","href":"https:\/\/api.w.org\/{rel}","templated":true}]}}