{"id":831422,"date":"2025-09-10T21:36:00","date_gmt":"2025-09-10T19:36:00","guid":{"rendered":"https:\/\/gradski.me\/?p=831422"},"modified":"2025-09-10T21:36:00","modified_gmt":"2025-09-10T19:36:00","slug":"vodeni-top-suzavac-i-sukobi-s-policijom-uhapsene-473-osobe-tokom-protesta-u-francuskoj","status":"publish","type":"post","link":"https:\/\/gradski.me\/en\/svijet\/vodeni-top-suzavac-i-sukobi-s-policijom-uhapsene-473-osobe-tokom-protesta-u-francuskoj\/","title":{"rendered":"Vodeni top, suzavac i sukobi s policijom: Uhap\u0161ene 473 osobe tokom protesta u Francuskoj"},"content":{"rendered":"<p><\/p>\n\n\n\n<p>Dok je\u00a0Lekornu, konzervativni Makronov \u0161ti\u0107enik koji je do sada bio ministar odbrane, obe\u0107avao &#8222;duboki prekid&#8220; sa pro\u0161lo\u0161\u0107u u rezidenciju premijera, \u0161irom zemlje &#8211; od Pariza, Lila, Strazbura &#8211; ulice su ve\u0107 bile prepune demonstranata i parola poput &#8222;Zaustavite Makrona i bur\u017eoaziju&#8220;, prenosi\u00a0<a href=\"https:\/\/www.theguardian.com\/world\/live\/2025\/sep\/10\/france-block-everything-protests-macron-lecornu-europe-live-news-updates#top-of-blog\" target=\"_blank\" rel=\"noopener\">Gardijan<\/a>.<\/p>\n\n\n\n<p>Lekornu \u0107e rekao da \u0107e se \u201eu narednim danima\u201c obratiti naciji kako bi objasnio svoj pristup, koji \u0107e biti druga\u010diji od dosada\u0161njeg, i to \u201ene samo u metodu\u201c.<\/p>\n\n\n\n<p>Ekstremna ljevica, partija Nepokorene Francuske (LFI), ve\u0107 je najavila da \u0107e podneti predlog za nepovjerenje Lekornuu u parlamentu, mada trenutno bez podr\u0161ke drugih stranaka.<\/p>\n\n\n\n<p>Protesti\u00a0na ulicama \u0161irom\u00a0Francuske\u00a0odr\u017eavaju se kao izraz narodnog nezadovoljstva predsjednikom\u00a0Emanuelom Makronom,\u00a0a do sada su doveli do sukoba sa policijom, kao i poreme\u0107aja u saobra\u0107aju, \u0161kolama i drugim uslugama.<\/p>\n\n\n\n<p>Ranije tokom dana,\u00a0Francuska\u00a0je rasporedila 80.000 policajaca \u0161irom zemlje da se suo\u010de sa demonstrantima. Ministar unutra\u0161njih poslova Bruno Retajo upozorio je demonstrante da \u0107e biti \u201enulte tolerancije\u201c prema nasilju.<\/p>\n\n\n\n<p>Uprkos pozivu ljevi\u010darske koalicije organizatora da \u201eblokiraju sve\u201c, taj cilj je samo djelimi\u010dno ostvaren.<\/p>\n\n\n\n<figure class=\"wp-block-image size-full\"><img fetchpriority=\"high\" decoding=\"async\" width=\"500\" height=\"333\" src=\"https:\/\/new.gradski.me\/wp-content\/uploads\/2025\/09\/1757522027_protest_blokiraj_sve_fr.format-jpeg.width-500.jpg\" alt=\"\" class=\"wp-image-831431\" title=\"\" srcset=\"https:\/\/gradski.me\/wp-content\/uploads\/2025\/09\/1757522027_protest_blokiraj_sve_fr.format-jpeg.width-500.jpg 500w, https:\/\/gradski.me\/wp-content\/uploads\/2025\/09\/1757522027_protest_blokiraj_sve_fr.format-jpeg.width-500-300x200.jpg 300w\" sizes=\"(max-width: 500px) 100vw, 500px\" \/><figcaption class=\"wp-element-caption\">Photo: <strong>AP Photo\/Jean-Francois Badias<\/strong><\/figcaption><\/figure>\n\n\n\n<h2 class=\"wp-block-heading\"><strong>U protestima u\u010destvovalo 175.000, uhap\u0161ene 473 osobe<\/strong><\/h2>\n\n\n\n<p>Ministarstvo unutra\u0161njih poslova Francuske saop\u0161tilo je da su tokom protesta \u0161irom te zemlje uhap\u0161ene 473 osobe, uklju\u010duju\u0107i 203 u Parizu. Prema podacima Ministarstva, 13 pripadnika snaga bezbjednosti je lak\u0161e povrije\u0111eno.<\/p>\n\n\n\n<p>Kako se navodi, najmanje 175.000 ljudi je u\u010destvovalo u protestima, a \u0161irom zemlje odr\u017eano je 550 skupova, prenosi BFMTV.<\/p>\n\n\n\n<p>Pariski tu\u017eilac Lor Beko najavila je da \u0107e biti pokrenuta istraga nakon po\u017eara u korejskom restoranu u \u010detvrti \u0160atle koji bi &#8222;mogao da bude povezan sa intervencijom policije&#8220;. Prema njenim rije\u010dima, &#8222;s obzirom na trenutne informacije, mo\u017eda se radi o slu\u010dajnom po\u017earu izazvanom intervencijom organa reda&#8220;.<\/p>\n\n\n\n<p>Istraga je povjerena teritorijalnoj slu\u017ebi bezbjednosti.<\/p>\n\n\n\n<p>Prefekt regiona Overnj-Rona-Alpi, Fabjen Bu\u010dio rekla je za BFM Lion da 15 uhap\u0161enih osoba na protestima koji su odr\u017eani u tom gradu odgovara &#8222;ultraljevi\u010darskim profilima&#8220;. Ona je dodala da &#8222;policijski slu\u017ebenici i dalje reaguju&#8220; zbog prisustva &#8222;manjih grupa u gradu&#8220;.<\/p>\n\n\n\n<p>Ve\u0107ina brzi vozova vozila je po redu vo\u017enje, a poreme\u0107aji u pariskom metrou su bili minimalni, kako su izvijestili operateri. Me\u0111utim, mnoge \u0161kole su bile blokirane, a demonstranti su zauzeli puteve i \u017eelezni\u010dke stanice \u0161irom zemlje.<\/p>\n\n\n\n<p>Demonstranti u Parizu i okolini podigli su barikade od kanti za sme\u0107e, blokirali \u0161kole i puteve, kao i ga\u0111ali policiju sme\u0107em.<\/p>\n\n\n\n<figure class=\"wp-block-image size-large\"><img decoding=\"async\" width=\"1024\" height=\"578\" src=\"https:\/\/new.gradski.me\/wp-content\/uploads\/2025\/09\/272442_tan2024-09-2117251701-7_s-1024x578.jpg\" alt=\"\" class=\"wp-image-831434\" title=\"\" srcset=\"https:\/\/gradski.me\/wp-content\/uploads\/2025\/09\/272442_tan2024-09-2117251701-7_s-1024x578.jpg 1024w, https:\/\/gradski.me\/wp-content\/uploads\/2025\/09\/272442_tan2024-09-2117251701-7_s-300x169.jpg 300w, https:\/\/gradski.me\/wp-content\/uploads\/2025\/09\/272442_tan2024-09-2117251701-7_s-768x434.jpg 768w, https:\/\/gradski.me\/wp-content\/uploads\/2025\/09\/272442_tan2024-09-2117251701-7_s.jpg 1098w\" sizes=\"(max-width: 1024px) 100vw, 1024px\" \/><\/figure>\n\n\n\n<p>Pariska policija je tako\u0111e prijavila da je oko 1.000 demonstranata poku\u0161alo da u\u0111e u Metro stanicu Gare du Nord, ali su sprije\u010deni.<\/p>\n\n\n\n<p>U jugoisto\u010dnom gradu Lionu demonstranti su blokirali saobra\u0107ajnicu kroz grad i palili kante za sme\u0107e, dok je u zapadnom gradu Nantu policija koristila suzavac da rastera demonstrante. U ju\u017enom lu\u010dkom Marseju policija je zaustavila 200 demonstranata koji su poku\u0161ali da blokiraju glavni put&#8230;<\/p>\n\n\n\n<p>Pariska policija je do sredine popodneva prijavila 183 privo\u0111enja, dok je jo\u0161 vi\u0161e od 100 osoba privedeno na drugim mjestima u Francuskoj, prema podacima Ministarstva unutra\u0161njih poslova.<\/p>\n\n\n\n<p>Desetine hiljada demonstranata okupilo se na uglavnom mirnim protestima u Marseju, Monpeljeu i Lionu.<\/p>\n\n\n\n<p>U Marseju, policija je procijenila da je bilo oko 8.000 ljudi, dok su organizatori tvrdili da je u\u010destvovalo 30.000, a sindikat CGT izvestio o \u010dak 80.000, prenosi France24.<\/p>\n\n\n\n<p>U Lionu je bilo oko 8.000 demonstranata, prema policijskim procjenama, dok je u Monpeljeu bilo oko 6.000.<\/p>\n\n\n\n<p>U Monpeljeu su demonstranti nosili antikapitalisti\u010dke transparente, zahtijevali za\u0161titu javnih usluga i skandirali parole, uklju\u010duju\u0107i i: \u201eLekornu, propao si.\u201c<\/p>","protected":false},"excerpt":{"rendered":"<p>Antivladini protesti &#8222;Blokirajmo sve&#8220; odr\u017eavaju se \u0161irom Francuske, pokazuju\u0107i svu dubinu politi\u010dke krize u toj zemlji &#8211; ba\u0161 na dan kada je novi premijer Sebastijan Lekornu (peti u dvije godine) stupio na du\u017enost.<\/p>","protected":false},"author":1,"featured_media":831429,"comment_status":"open","ping_status":"open","sticky":false,"template":"","format":"standard","meta":{"_acf_changed":false,"footnotes":"","jetpack_publicize_message":"","jetpack_publicize_feature_enabled":true,"jetpack_social_post_already_shared":false,"jetpack_social_options":{"image_generator_settings":{"template":"highway","default_image_id":0,"font":"","enabled":false},"version":2}},"categories":[14],"tags":[3694,5992,5993,5994,5995],"naslovna":[],"class_list":["post-831422","post","type-post","status-publish","format-standard","has-post-thumbnail","hentry","category-svijet","tag-hapsenja-2","tag-protesti-u-francuskoj","tag-sukobi-s-policijom","tag-suzavac","tag-vodeni-top"],"acf":[],"jetpack_publicize_connections":[],"_links":{"self":[{"href":"https:\/\/gradski.me\/en\/wp-json\/wp\/v2\/posts\/831422","targetHints":{"allow":["GET"]}}],"collection":[{"href":"https:\/\/gradski.me\/en\/wp-json\/wp\/v2\/posts"}],"about":[{"href":"https:\/\/gradski.me\/en\/wp-json\/wp\/v2\/types\/post"}],"author":[{"embeddable":true,"href":"https:\/\/gradski.me\/en\/wp-json\/wp\/v2\/users\/1"}],"replies":[{"embeddable":true,"href":"https:\/\/gradski.me\/en\/wp-json\/wp\/v2\/comments?post=831422"}],"version-history":[{"count":0,"href":"https:\/\/gradski.me\/en\/wp-json\/wp\/v2\/posts\/831422\/revisions"}],"wp:featuredmedia":[{"embeddable":true,"href":"https:\/\/gradski.me\/en\/wp-json\/wp\/v2\/media\/831429"}],"wp:attachment":[{"href":"https:\/\/gradski.me\/en\/wp-json\/wp\/v2\/media?parent=831422"}],"wp:term":[{"taxonomy":"category","embeddable":true,"href":"https:\/\/gradski.me\/en\/wp-json\/wp\/v2\/categories?post=831422"},{"taxonomy":"post_tag","embeddable":true,"href":"https:\/\/gradski.me\/en\/wp-json\/wp\/v2\/tags?post=831422"},{"taxonomy":"naslovna","embeddable":true,"href":"https:\/\/gradski.me\/en\/wp-json\/wp\/v2\/naslovna?post=831422"}],"curies":[{"name":"wp","href":"https:\/\/api.w.org\/{rel}","templated":true}]}}