{"id":831311,"date":"2025-09-10T19:13:00","date_gmt":"2025-09-10T17:13:00","guid":{"rendered":"https:\/\/gradski.me\/?p=831311"},"modified":"2025-09-10T19:13:00","modified_gmt":"2025-09-10T17:13:00","slug":"od-pocetka-godine-u-crnoj-gori-52-samoubistva-od-kojih-u-podgorici-10","status":"publish","type":"post","link":"https:\/\/gradski.me\/en\/drustvo\/od-pocetka-godine-u-crnoj-gori-52-samoubistva-od-kojih-u-podgorici-10\/","title":{"rendered":"(VIDEO) Od po\u010detka godine u Crnoj Gori 52 samoubistva, od kojih u Podgorici 10"},"content":{"rendered":"<p><\/p>\n\n\n\n<p>\u201cKada se pojedinac zatvara, kada nema vi\u0161e te socijalizacije, komunikacije, kada su zatvoreni u svojim mislima. Imamo i nasmijanu depresiju, kada vidimo pojedince nasmijane na ulici, a kada su sami sa sobom te\u017eina emocija i naboj kovitla.\u201c \u201ePrve znake kod te nasmijane depresije mo\u017eemo primjetiti kada posmatramo iz prikrajka, kako su zami\u0161ljeni, kakva im je fascijalna ekspresija&#8220;, navodi Burzanovi\u0107.<\/p>\n\n\n\n<p>Sa druge strane, kada je rije\u010d o mentalnom zdravlju, sociolo\u0161kinja <strong>Anica Obradovi\u0107<\/strong> tvrdi da u Crnoj Gori nema stigme. Problem vidi u, kako navodi, skupim uslugama psihoerapeuta, dugom \u010dekanju na preglede, preoptere\u0107enosti ljekara te, kako ka\u017ee, neadekvatnom pru\u017eanju usluge.<\/p>\n\n\n\n<p>\u201cKakva je to stigma, ako moram da \u010dekam tri mjeseca na pregled kod ljekara koji su okupirani. To je neta\u010dna informacija iz koje proisti\u010de diskriminacija prema ovoj vrsti oboljenja.\u201c\u201cTu nema \u0161ta da tra\u017ei psiholo\u0161ko-psihijatrijska slu\u017eba. Tu treba da rade kreatori politika koji uti\u010du na na\u0161 kvalitet \u017eivota.\u201c \u201eRje\u0161avajmo konflikte na miran na\u010din. Iz problema mo\u017eemo dosta toga da nau\u010dimo i iz problema mo\u017eemo da iza\u0111emo: ja\u010di, bolji, zdraviji i pametniji.\u201c<\/p>\n\n\n\n<p>Podsjetimo, u Crnoj Gori za psiholo\u0161ku podr\u0161ku gra\u0111anima slu\u017ei besplatna telefonska linija 1555. Rje\u0161enja uvijek ima &#8211; va\u017eno je otvoreno razgovarati i nikada ne potiskivati emocije, poru\u010dile su &nbsp;sagovornice Gradske. &nbsp;<\/p>\n\n\n\n<figure class=\"wp-block-embed is-type-video is-provider-youtube wp-block-embed-youtube wp-embed-aspect-16-9 wp-has-aspect-ratio\"><div class=\"wp-block-embed__wrapper\">\n<iframe title=\"Od po\u010detka godine u Crnoj Gori 52 samoubistva, od kojih u Podgorici 10\" width=\"800\" height=\"450\" src=\"https:\/\/www.youtube.com\/embed\/sivO1Ihifts?feature=oembed\" frameborder=\"0\" allow=\"accelerometer; autoplay; clipboard-write; encrypted-media; gyroscope; picture-in-picture; web-share\" referrerpolicy=\"strict-origin-when-cross-origin\" allowfullscreen><\/iframe>\n<\/div><\/figure>","protected":false},"excerpt":{"rendered":"<p>Od prvog januara do prvog septembra, u Crnoj Gori su registrovana 52 slu\u010dajeva samoubistva, od kojih u Podgorici deset, podaci su Ministarstva unutra\u0161njih poslova. Psiholo\u0161kinja Stela Burzanovi\u0107 ka\u017ee za Gradsku da se takvi slu\u010dajevi ne de\u0161avaju preko no\u0107i, ve\u0107 je rije\u010d o nakupljenim emocijama. Apeluje na porodicu i okru\u017eenje da\u00a0 obrate pa\u017enju na znakove koji ukazuju na to da se neko bori sa suicidalnim mislima.<\/p>","protected":false},"author":1,"featured_media":831333,"comment_status":"open","ping_status":"open","sticky":false,"template":"","format":"standard","meta":{"_acf_changed":false,"footnotes":"","jetpack_publicize_message":"","jetpack_publicize_feature_enabled":true,"jetpack_social_post_already_shared":false,"jetpack_social_options":{"image_generator_settings":{"template":"highway","default_image_id":0,"font":"","enabled":false},"version":2}},"categories":[9],"tags":[5966,188,5967,28],"naslovna":[],"class_list":["post-831311","post","type-post","status-publish","format-standard","has-post-thumbnail","hentry","category-drustvo","tag-52-samoubistva","tag-crna-gora","tag-pocetak-godine","tag-podgorica"],"acf":[],"jetpack_publicize_connections":[],"_links":{"self":[{"href":"https:\/\/gradski.me\/en\/wp-json\/wp\/v2\/posts\/831311","targetHints":{"allow":["GET"]}}],"collection":[{"href":"https:\/\/gradski.me\/en\/wp-json\/wp\/v2\/posts"}],"about":[{"href":"https:\/\/gradski.me\/en\/wp-json\/wp\/v2\/types\/post"}],"author":[{"embeddable":true,"href":"https:\/\/gradski.me\/en\/wp-json\/wp\/v2\/users\/1"}],"replies":[{"embeddable":true,"href":"https:\/\/gradski.me\/en\/wp-json\/wp\/v2\/comments?post=831311"}],"version-history":[{"count":0,"href":"https:\/\/gradski.me\/en\/wp-json\/wp\/v2\/posts\/831311\/revisions"}],"wp:featuredmedia":[{"embeddable":true,"href":"https:\/\/gradski.me\/en\/wp-json\/wp\/v2\/media\/831333"}],"wp:attachment":[{"href":"https:\/\/gradski.me\/en\/wp-json\/wp\/v2\/media?parent=831311"}],"wp:term":[{"taxonomy":"category","embeddable":true,"href":"https:\/\/gradski.me\/en\/wp-json\/wp\/v2\/categories?post=831311"},{"taxonomy":"post_tag","embeddable":true,"href":"https:\/\/gradski.me\/en\/wp-json\/wp\/v2\/tags?post=831311"},{"taxonomy":"naslovna","embeddable":true,"href":"https:\/\/gradski.me\/en\/wp-json\/wp\/v2\/naslovna?post=831311"}],"curies":[{"name":"wp","href":"https:\/\/api.w.org\/{rel}","templated":true}]}}