{"id":831234,"date":"2025-09-10T18:00:00","date_gmt":"2025-09-10T16:00:00","guid":{"rendered":"https:\/\/gradski.me\/?p=831234"},"modified":"2025-09-10T18:00:00","modified_gmt":"2025-09-10T16:00:00","slug":"abazovic-podrzao-formiranje-komisije-za-lociranje-prikrivenih-grobnica-civilnih-zrtava-rata","status":"publish","type":"post","link":"https:\/\/gradski.me\/en\/uncategorized\/abazovic-podrzao-formiranje-komisije-za-lociranje-prikrivenih-grobnica-civilnih-zrtava-rata\/","title":{"rendered":"Abazovi\u0107 podr\u017eao formiranje Komisije za lociranje prikrivenih grobnica civilnih \u017ertava rata"},"content":{"rendered":"<p><\/p>\n\n\n\n<p><\/p>\n\n\n\n<p>&#8222;Doga\u0111anja ovog ljeta, u Op\u0161tini Berane, opomenula su sve u Crnoj Gori koliko su va\u017ene politike sje\u0107anja i njegovanje pam\u0107enja na narodnoslobodila\u010dku borbu i njene antifa\u0161isti\u010dke i multikuluralne vrijednosti koje su\u0161tinski predstavljaju temelje dana\u0161nje Crne Gore&#8220;, naveli su iz Ure.<\/p>\n\n\n\n<p>Aktivista za ljudska prava Aleksandar Sa\u0161a Zekovi\u0107 predstavio je pokrenuti dru\u0161tveni dijalog o razumijevanju pro\u0161losti kako bi se uspostavio minimalni nacionalni konsenzus o mrtvima, odnosno, o nevinim civilnim \u017ertvama Drugog svjetskog rata i revolucije tokom i nakon rata.<\/p>\n\n\n\n<p>Kako dalje navode, nevinim i civilnim \u017ertvama rata i poslijeratnog nasilja ne mogu se smatrati poginuli u oru\u017eanim sukobima. Na to jasno ukazuju standardi i ugledni istori\u010dari, saglasili su se sagovornici.<\/p>\n\n\n\n<p>Zajedni\u010dki je ukazano da me\u0111unarodno humanitarno pravo obavezuje na po\u0161tovanje posmrtnih ostataka svih poginulih u ratu, uklju\u010duju\u0107i i one koji su stradali u poslijeratnim vansudskim pogubljenjima.<\/p>\n\n\n\n<p>Abazovi\u0107 i Zekovi\u0107 smatraju da savremena Crna Gora, koja je i u procesu pristupanja Evropskoj uniji, tra\u017ei i o\u010dekuje razuman i racionalan odnos prema nevinim \u017ertavama rata i poslijeratnog perioda. To podrazumijeva posthumno priznanje dimenzije ljudskog dostojanstva \u010dime se zaslu\u017euje po\u0161tovanje i za\u0161tita njihovih kosturnih ostataka.<\/p>\n\n\n\n<p>Predsjednik URE Dritan Abazovi\u0107 zalo\u017eio se za pravilan odnos prema \u017ertvama i podr\u017eao sve formate dru\u0161tvenog dijaloga i stru\u010dne pristupe o svim pitanjima iz dalje i bli\u017ee pro\u0161losti koja optere\u0107uju crnogorsko dru\u0161tvo.<\/p>\n\n\n\n<p>,,Tako se sna\u017ei razumijevanje i pomirenje a naro\u010dito evropske integracije Crne Gore&#8220;, dodao je Abazovi\u0107.<\/p>\n\n\n\n<p>Tako\u0111e, Abazovi\u0107 je naglasio da je otvoren i za debatu o politi\u010dkom i institucionalnom iskustvu i naslje\u0111u u periodu od 2020. godine, kada je, u izazovnim prilikama, obavljao odgovorne du\u017enosti potpredsjednika i predsjednika Vlade Crne Gore.<\/p>\n\n\n\n<p>Zajedni\u010dki je ocijenjeno da se kroz radnje dr\u017eave, jedinica lokalne samouprave, politi\u010dkih, dru\u0161tvenih i vjerskih organizacija ili putem privatnih aktivnosti gra\u0111ana ne smije afirmisati istorijski revizionizam i nametati zamjenski narativi jer se umjesto rada na unutra\u0161njoj dru\u0161tvenoj koheziji, tako zapravo doprinosi \u0161irenju nacionalizma i ekstremizma i produbljivanju podjela.<\/p>\n\n\n\n<p>,,Javna ili institucionalizovana komemoracija i memorijalizacija zlo\u010dinaca je nedopustiva. Legitimno je i u interesu je dru\u0161tva i njegove budu\u0107nosti da to ne bude dozvoljeno&#8220;, saglasili su se Abazovi\u0107 i Zekovi\u0107.<\/p>\n\n\n\n<p>Predsjednik URE i poslanik u Skup\u0161tini Crne Gore Dritan Abazovi\u0107 podr\u017eao je inicijativu da se kona\u010dno obrazuje zvani\u010dna dr\u017eavna komisija za tra\u017eenje i identifikaciju lokacija prikrivenih grobnica iz Drugog svjetskog rata i poslijeratnog perioda kako bi se kona\u010dno objektivno sagledala ova problematika, njena stvarna rasprostranjenost, kao i inicirali i definisali dalji pravci civilizovanog i humanisti\u010dkog djelovanja, u skladu sa iskustvima zemalja sa tradicijom u demokratiji.<\/p>\n\n\n\n<p>,,Gra\u0111anski pokret URA sna\u017eno podr\u017eava multiperspektivne pristupe, pluralnost razmi\u0161ljanja i sje\u0107anja&#8220;, zaklju\u010dio je Abazovi\u0107.<\/p>\n\n\n\n<p>Dana\u0161nji razgovor Abazovi\u0107a i Zekovi\u0107a je protekao u atmosferi razumijevanja, uz visoku saglasnost prema konkretnom slo\u017eenom pitanju iz pro\u0161losti Crne Gore. Zaklju\u010deno je da se dijalog nastaviti i o drugim temama.<\/p>","protected":false},"excerpt":{"rendered":"<p>Predsjednik Gra\u0111anskog pokreta URA i poslanik u Skup\u0161tini Crne Gore Dritan Abazovi\u0107 razgovarao je sa aktivistom za ljudska prava i \u010dlanom Gra\u0111anske inicijative \u201c21. maj\u201d Aleksandrom Sa\u0161om Zekovi\u0107em o kulturi sje\u0107anja u Crnoj Gori i prate\u0107em dru\u0161tveno-politi\u010dkom kontekstu.<\/p>","protected":false},"author":1,"featured_media":831242,"comment_status":"open","ping_status":"open","sticky":false,"template":"","format":"standard","meta":{"_acf_changed":false,"footnotes":"","jetpack_publicize_message":"","jetpack_publicize_feature_enabled":true,"jetpack_social_post_already_shared":false,"jetpack_social_options":{"image_generator_settings":{"template":"highway","default_image_id":0,"font":"","enabled":false},"version":2}},"categories":[1],"tags":[2720,835,71],"naslovna":[],"class_list":["post-831234","post","type-post","status-publish","format-standard","has-post-thumbnail","hentry","category-uncategorized","tag-aleksandar-sasa-zekovic","tag-dritan-abazovic","tag-gp-ura"],"acf":[],"jetpack_publicize_connections":[],"_links":{"self":[{"href":"https:\/\/gradski.me\/en\/wp-json\/wp\/v2\/posts\/831234","targetHints":{"allow":["GET"]}}],"collection":[{"href":"https:\/\/gradski.me\/en\/wp-json\/wp\/v2\/posts"}],"about":[{"href":"https:\/\/gradski.me\/en\/wp-json\/wp\/v2\/types\/post"}],"author":[{"embeddable":true,"href":"https:\/\/gradski.me\/en\/wp-json\/wp\/v2\/users\/1"}],"replies":[{"embeddable":true,"href":"https:\/\/gradski.me\/en\/wp-json\/wp\/v2\/comments?post=831234"}],"version-history":[{"count":0,"href":"https:\/\/gradski.me\/en\/wp-json\/wp\/v2\/posts\/831234\/revisions"}],"wp:featuredmedia":[{"embeddable":true,"href":"https:\/\/gradski.me\/en\/wp-json\/wp\/v2\/media\/831242"}],"wp:attachment":[{"href":"https:\/\/gradski.me\/en\/wp-json\/wp\/v2\/media?parent=831234"}],"wp:term":[{"taxonomy":"category","embeddable":true,"href":"https:\/\/gradski.me\/en\/wp-json\/wp\/v2\/categories?post=831234"},{"taxonomy":"post_tag","embeddable":true,"href":"https:\/\/gradski.me\/en\/wp-json\/wp\/v2\/tags?post=831234"},{"taxonomy":"naslovna","embeddable":true,"href":"https:\/\/gradski.me\/en\/wp-json\/wp\/v2\/naslovna?post=831234"}],"curies":[{"name":"wp","href":"https:\/\/api.w.org\/{rel}","templated":true}]}}