{"id":830541,"date":"2025-09-09T17:05:39","date_gmt":"2025-09-09T15:05:39","guid":{"rendered":"https:\/\/gradski.me\/?p=830541"},"modified":"2025-09-09T17:05:39","modified_gmt":"2025-09-09T15:05:39","slug":"srbija-isporucuje-zvicerove-saradnike-crnoj-gori-marko-kilibarda-aleksandar-paunovic-terete-se-za-vise-ubistava","status":"publish","type":"post","link":"https:\/\/gradski.me\/en\/hronika\/srbija-isporucuje-zvicerove-saradnike-crnoj-gori-marko-kilibarda-aleksandar-paunovic-terete-se-za-vise-ubistava\/","title":{"rendered":"Srbija isporu\u010duje Zvicerove saradnike Crnoj Gori: Marko Kilibarda, Aleksandar Paunovi\u0107 terete se za vi\u0161e ubistava"},"content":{"rendered":"<p>Sud je, odlu\u010divaju\u0107i o zamolnici za izru\u010denje Ministarstva pravde Crne Gore, donio rje\u0161enje da su ispunjene pretpostavke, rekla je za Tanjug portparol tog suda.<\/p>\n\n\n\n<p>Na ovo rje\u0161enje nije dozvoljena \u017ealba. Kilibarda i Paunovi\u0107 su ranije pred sudom rekli da su saglasni da budu izru\u010deni u Crnu Goru.<\/p>\n\n\n\n<p>Kilibarda i Paunovi\u0107 su u Crnoj Gori optu\u017eeni za otmicu Mileta Radulovi\u0107a zvanog Kapetan, kao i za ubistva Damira Hod\u017ei\u0107a i Adisa Spahi\u0107a, dok je Kilibarda osumnji\u010den i za ubistvo Vasa Deliba\u0161i\u0107a u Baru 2018. godine.<\/p>\n\n\n\n<p>Ministarstvo unutra\u0161njih poslova Srbije je 2. jula saop\u0161tilo da su u Beogradu uhap\u0161ena dvojica dr\u017eavljana Crne Gore pod sumnjom da su pripadnici organizovane kriminalne grupe \u201eKava\u010di\u201c i saradnici Radoja Zvicera, za kojima je crnogorski MUP raspisao Interpolovu poternicu zbog krivi\u010dnog dela te\u0161ko ubistvo.<\/p>\n\n\n\n<p>Prilikom pretresa stanova na vi\u0161e lokacija u Beogradu koje su uhap\u0161eni koristili, prona\u0111eni su revolver i dvije falsifikovane li\u010dne isprave Crne Gore, zbog \u010dega se njima na teret u Srbiji stavljaju krivi\u010dna djela nedozvoljena proizvodnja, dr\u017eanje, no\u0161enje i promet oru\u017eja i eksplozivnih materija i falsifikovanje isprave.<\/p>\n\n\n\n<p>O otmici Radulovi\u0107a i ubistvima Hod\u017ei\u0107a i Spahi\u0107a na su\u0111enju grupi Veljka Belivuka su pri\u010dali okrivljeni-saradnici, navode\u0107i da su u tim ubistvima u\u010destvovali Belivuk, Marko Miljkovi\u0107 i Neboj\u0161a Jankovi\u0107.<\/p>","protected":false},"excerpt":{"rendered":"<p>Krivi\u010dno vanpretresno vije\u0107e Vi\u0161eg suda u Beogradu donijelo je rje\u0161enje da su ispunjeni uslovi za izru\u010denje Crnoj Gori optu\u017eenih pripadnika tzv. kava\u010dkog klana i saradnika Radoja Zvicera, Marka Kilibarde i Aleksandra Paunovi\u0107a.<\/p>","protected":false},"author":1,"featured_media":830544,"comment_status":"open","ping_status":"open","sticky":false,"template":"","format":"standard","meta":{"_acf_changed":false,"footnotes":"","jetpack_publicize_message":"","jetpack_publicize_feature_enabled":true,"jetpack_social_post_already_shared":false,"jetpack_social_options":{"image_generator_settings":{"template":"highway","default_image_id":0,"font":"","enabled":false},"version":2}},"categories":[10],"tags":[5817,533,5818],"naslovna":[],"class_list":["post-830541","post","type-post","status-publish","format-standard","has-post-thumbnail","hentry","category-hronika","tag-isporucivanje","tag-srbija","tag-zvicer"],"acf":[],"jetpack_publicize_connections":[],"_links":{"self":[{"href":"https:\/\/gradski.me\/en\/wp-json\/wp\/v2\/posts\/830541","targetHints":{"allow":["GET"]}}],"collection":[{"href":"https:\/\/gradski.me\/en\/wp-json\/wp\/v2\/posts"}],"about":[{"href":"https:\/\/gradski.me\/en\/wp-json\/wp\/v2\/types\/post"}],"author":[{"embeddable":true,"href":"https:\/\/gradski.me\/en\/wp-json\/wp\/v2\/users\/1"}],"replies":[{"embeddable":true,"href":"https:\/\/gradski.me\/en\/wp-json\/wp\/v2\/comments?post=830541"}],"version-history":[{"count":0,"href":"https:\/\/gradski.me\/en\/wp-json\/wp\/v2\/posts\/830541\/revisions"}],"wp:featuredmedia":[{"embeddable":true,"href":"https:\/\/gradski.me\/en\/wp-json\/wp\/v2\/media\/830544"}],"wp:attachment":[{"href":"https:\/\/gradski.me\/en\/wp-json\/wp\/v2\/media?parent=830541"}],"wp:term":[{"taxonomy":"category","embeddable":true,"href":"https:\/\/gradski.me\/en\/wp-json\/wp\/v2\/categories?post=830541"},{"taxonomy":"post_tag","embeddable":true,"href":"https:\/\/gradski.me\/en\/wp-json\/wp\/v2\/tags?post=830541"},{"taxonomy":"naslovna","embeddable":true,"href":"https:\/\/gradski.me\/en\/wp-json\/wp\/v2\/naslovna?post=830541"}],"curies":[{"name":"wp","href":"https:\/\/api.w.org\/{rel}","templated":true}]}}