{"id":830514,"date":"2025-09-09T16:50:29","date_gmt":"2025-09-09T14:50:29","guid":{"rendered":"https:\/\/gradski.me\/?p=830514"},"modified":"2025-09-09T16:50:29","modified_gmt":"2025-09-09T14:50:29","slug":"djordjevic-mijenja-poceka-na-klupi-italije","status":"publish","type":"post","link":"https:\/\/gradski.me\/en\/sport\/djordjevic-mijenja-poceka-na-klupi-italije\/","title":{"rendered":"\u0110or\u0111evi\u0107 mijenja Poceka na klupi Italije?"},"content":{"rendered":"<p>Iako je predsjednik Ko\u0161arka\u0161ke federacije Italije \u0110ani Petru\u0107i tvrdio da ga je odluka iznenadila, u pozadini je ve\u0107 zapo\u010det proces potrage za nasljednikom. <\/p>\n\n\n\n<p>Prema navodima italijanskih medija, glavni kandidati za upra\u017enjeno mjesto su Luka Banki i srpski stru\u010dnjak Aleksandar \u0110or\u0111evi\u0107, koji je ve\u0107 vodio nacionalne timove Srbije i Kine.<\/p>\n\n\n\n<p>\u0110or\u0111evi\u0107, trenutno bez anga\u017emana, navodno je ve\u0107 razgovarao sa \u010delnicima italijanske federacije, a kako prenosi Tuttosport, njegov osnovni zahtjev je puna sloboda u sastavljanju i vo\u0111enju ekipe. <\/p>\n\n\n\n<p>Popularni Sale ve\u0107 dugo \u017eivi u Italiji i odli\u010dno poznaje tamo\u0161nju ko\u0161arku, vidi se kao ozbiljna opcija za selektora u trenutku kada Italijani \u017eele graditi novu reprezentaciju sa mladim talentima.<\/p>\n\n\n\n<p>Podsje\u0107anja radi, \u0110or\u0111evi\u0107 se i krajem 2023. godine dovodio u vezu sa klupom &#8222;azura&#8220;, ali tada do saradnje nije do\u0161lo. <\/p>","protected":false},"excerpt":{"rendered":"<p>Ko\u0161arka\u0161ka reprezentacija Italije ostala je bez selektora nakon \u0161to je \u0110anmarko Poceko podnio ostavku poslije poraza od Slovenije u osmini finala Eurobasketa. <\/p>","protected":false},"author":1,"featured_media":830528,"comment_status":"open","ping_status":"open","sticky":false,"template":"","format":"standard","meta":{"_acf_changed":false,"footnotes":"","jetpack_publicize_message":"","jetpack_publicize_feature_enabled":true,"jetpack_social_post_already_shared":false,"jetpack_social_options":{"image_generator_settings":{"template":"highway","default_image_id":0,"font":"","enabled":false},"version":2}},"categories":[15],"tags":[5811,5812,4473],"naslovna":[],"class_list":["post-830514","post","type-post","status-publish","format-standard","has-post-thumbnail","hentry","category-sport","tag-aleksandar-djordjevic","tag-luka-banki","tag-muska-kosarkaska-reprezentacija-italije"],"acf":[],"jetpack_publicize_connections":[],"_links":{"self":[{"href":"https:\/\/gradski.me\/en\/wp-json\/wp\/v2\/posts\/830514","targetHints":{"allow":["GET"]}}],"collection":[{"href":"https:\/\/gradski.me\/en\/wp-json\/wp\/v2\/posts"}],"about":[{"href":"https:\/\/gradski.me\/en\/wp-json\/wp\/v2\/types\/post"}],"author":[{"embeddable":true,"href":"https:\/\/gradski.me\/en\/wp-json\/wp\/v2\/users\/1"}],"replies":[{"embeddable":true,"href":"https:\/\/gradski.me\/en\/wp-json\/wp\/v2\/comments?post=830514"}],"version-history":[{"count":0,"href":"https:\/\/gradski.me\/en\/wp-json\/wp\/v2\/posts\/830514\/revisions"}],"wp:featuredmedia":[{"embeddable":true,"href":"https:\/\/gradski.me\/en\/wp-json\/wp\/v2\/media\/830528"}],"wp:attachment":[{"href":"https:\/\/gradski.me\/en\/wp-json\/wp\/v2\/media?parent=830514"}],"wp:term":[{"taxonomy":"category","embeddable":true,"href":"https:\/\/gradski.me\/en\/wp-json\/wp\/v2\/categories?post=830514"},{"taxonomy":"post_tag","embeddable":true,"href":"https:\/\/gradski.me\/en\/wp-json\/wp\/v2\/tags?post=830514"},{"taxonomy":"naslovna","embeddable":true,"href":"https:\/\/gradski.me\/en\/wp-json\/wp\/v2\/naslovna?post=830514"}],"curies":[{"name":"wp","href":"https:\/\/api.w.org\/{rel}","templated":true}]}}