{"id":830478,"date":"2025-09-09T17:09:00","date_gmt":"2025-09-09T15:09:00","guid":{"rendered":"https:\/\/gradski.me\/?p=830478"},"modified":"2025-09-09T17:09:00","modified_gmt":"2025-09-09T15:09:00","slug":"sekretarijat-za-sport-i-kosarkaski-klub-junior-organizuju-humanitarni-turnir-u-njegosevom-parku","status":"publish","type":"post","link":"https:\/\/gradski.me\/en\/podgorica\/sekretarijat-za-sport-i-kosarkaski-klub-junior-organizuju-humanitarni-turnir-u-njegosevom-parku\/","title":{"rendered":"Sekretarijat za sport i Ko\u0161arka\u0161ki klub Junior organizuju humanitarni turnir u Njego\u0161evom parku"},"content":{"rendered":"<p>U prijavi je potrebno navesti ime ekipe, imena i prezimena tri igra\u010da i jedne zamjene, kao i kontakt telefon kapitena. Jedini uslov je da svi takmi\u010dari budu stariji od 17 godina.<\/p>\n\n\n\n<p>Kotizacija za u\u010de\u0161\u0107e iznosi 100 eura po ekipi, a neophodno je uplatiti na broj donatorskog \u017eiro ra\u010duna Sekretarijata za sport 510-178185-52. Prijave traju do srijede 24. septembra, nakon \u010dega \u0107e biti uprili\u010den \u017erijeb i predstavljen sistem takmi\u010denja.<\/p>\n\n\n\n<p>Sav prihod od kotizacija i donacija, zajedno sa prihodom od kotizacija sa \u201dTrofeja Podgorice\u201d, bi\u0107e preusmjeren porodici vojnika Dejana Bo\u017eovi\u0107a, koji je tragi\u010dno preminuo na du\u017enosti brane\u0107i Podgoricu od vatrene stihije.<\/p>\n\n\n\n<p>Pored humanitarnog, turnir \u0107e imati i takmi\u010darski zna\u010daj, jer \u0107e pobjednik obezbijediti mjesto na finalnom turniru petog izdanja popularne zajedni\u010dke manifestacije Sekretarijata za sport i KK Junior, \u201dBasket u mom kvartu\u201d u junu 2026. godine, bez potrebe da nastupa u kvalifikacijama.<\/p>\n\n\n\n<p>\u201dCilj nam je da za na\u0161e mlade tokom Evropske nedjelje sporta animiramo i podstaknemo da budu fizi\u010dki aktivni, istovremeno pru\u017eaju\u0107i podr\u0161ku porodici na\u0161eg heroja koji je izgubio \u017eivot \u010duvaju\u0107i na\u0161 grad. S tim u vezi pozivamo sve dru\u0161tveno odgovorne kompanije i pojedince da se uklju\u010de u ovu akciju u skladu sa mogu\u0107nostima. Koristimo priliku i da se zahvalimo svim sudijama, zapisni\u010darima i ostalima koji \u0107e na volonterskoj osnovi doprinijeti realizaciji ovog doga\u0111aja\u201d, saop\u0161tili su organizatori.<\/p>","protected":false},"excerpt":{"rendered":"<p>Turnir se odr\u017eava u sklopu Evropske nedjelje sporta (23-30. septembar), a na njemu \u0107e mo\u0107i da se nadme\u0107e 16 ekipa koje se prve prijave putem maila basketumomkvartu@gmail.com.<\/p>","protected":false},"author":1,"featured_media":830479,"comment_status":"open","ping_status":"open","sticky":false,"template":"","format":"standard","meta":{"_acf_changed":false,"footnotes":"","jetpack_publicize_message":"","jetpack_publicize_feature_enabled":true,"jetpack_social_post_already_shared":false,"jetpack_social_options":{"image_generator_settings":{"template":"highway","default_image_id":0,"font":"","enabled":false},"version":2}},"categories":[6],"tags":[824,825,5799,28],"naslovna":[],"class_list":["post-830478","post","type-post","status-publish","format-standard","has-post-thumbnail","hentry","category-podgorica","tag-3x3","tag-basket","tag-humanitarni-turnir","tag-podgorica"],"acf":[],"jetpack_publicize_connections":[],"_links":{"self":[{"href":"https:\/\/gradski.me\/en\/wp-json\/wp\/v2\/posts\/830478","targetHints":{"allow":["GET"]}}],"collection":[{"href":"https:\/\/gradski.me\/en\/wp-json\/wp\/v2\/posts"}],"about":[{"href":"https:\/\/gradski.me\/en\/wp-json\/wp\/v2\/types\/post"}],"author":[{"embeddable":true,"href":"https:\/\/gradski.me\/en\/wp-json\/wp\/v2\/users\/1"}],"replies":[{"embeddable":true,"href":"https:\/\/gradski.me\/en\/wp-json\/wp\/v2\/comments?post=830478"}],"version-history":[{"count":0,"href":"https:\/\/gradski.me\/en\/wp-json\/wp\/v2\/posts\/830478\/revisions"}],"wp:featuredmedia":[{"embeddable":true,"href":"https:\/\/gradski.me\/en\/wp-json\/wp\/v2\/media\/830479"}],"wp:attachment":[{"href":"https:\/\/gradski.me\/en\/wp-json\/wp\/v2\/media?parent=830478"}],"wp:term":[{"taxonomy":"category","embeddable":true,"href":"https:\/\/gradski.me\/en\/wp-json\/wp\/v2\/categories?post=830478"},{"taxonomy":"post_tag","embeddable":true,"href":"https:\/\/gradski.me\/en\/wp-json\/wp\/v2\/tags?post=830478"},{"taxonomy":"naslovna","embeddable":true,"href":"https:\/\/gradski.me\/en\/wp-json\/wp\/v2\/naslovna?post=830478"}],"curies":[{"name":"wp","href":"https:\/\/api.w.org\/{rel}","templated":true}]}}