{"id":830424,"date":"2025-09-09T15:15:00","date_gmt":"2025-09-09T13:15:00","guid":{"rendered":"https:\/\/gradski.me\/?p=830424"},"modified":"2025-09-09T15:15:00","modified_gmt":"2025-09-09T13:15:00","slug":"vikend-rezervisan-za-tradicionalni-turnir-memorijal-ivan-huic-u-igalu","status":"publish","type":"post","link":"https:\/\/gradski.me\/en\/sport\/vikend-rezervisan-za-tradicionalni-turnir-memorijal-ivan-huic-u-igalu\/","title":{"rendered":"Weekend reserved for the traditional \"Ivan Hui\u0107 Memorial\" tournament in Igalo"},"content":{"rendered":"<p>Ovaj sada ve\u0107 tradicionalni turnir odr\u017eava se 11. godinu zaredom, isti\u010du iz Teniskog saveza Crne Gore.<\/p>\n\n\n\n<p>Navo de \u0107e na takmi\u010denju u\u010destvovati teniseri i teniserke u uzrastu do 14 godina.<\/p>","protected":false},"excerpt":{"rendered":"<p>Od 13. do 14. septembra u Igalu \u0107e biti odr\u017ean XI &#8222;Memorijal&#8220;Ivan Hui\u0107&#8220; u organizaciji TK &#8222;Igalo&#8220; i Teniskog saveza Crne Gore.<\/p>","protected":false},"author":1,"featured_media":811315,"comment_status":"open","ping_status":"open","sticky":false,"template":"","format":"standard","meta":{"_acf_changed":false,"footnotes":"","jetpack_publicize_message":"","jetpack_publicize_feature_enabled":true,"jetpack_social_post_already_shared":false,"jetpack_social_options":{"image_generator_settings":{"template":"highway","default_image_id":0,"font":"","enabled":false},"version":2}},"categories":[15],"tags":[5785,215,5786,466],"naslovna":[],"class_list":["post-830424","post","type-post","status-publish","format-standard","has-post-thumbnail","hentry","category-sport","tag-memorijal-ivan-huic","tag-tenis","tag-tk-igalo","tag-tscg"],"acf":[],"jetpack_publicize_connections":[],"_links":{"self":[{"href":"https:\/\/gradski.me\/en\/wp-json\/wp\/v2\/posts\/830424","targetHints":{"allow":["GET"]}}],"collection":[{"href":"https:\/\/gradski.me\/en\/wp-json\/wp\/v2\/posts"}],"about":[{"href":"https:\/\/gradski.me\/en\/wp-json\/wp\/v2\/types\/post"}],"author":[{"embeddable":true,"href":"https:\/\/gradski.me\/en\/wp-json\/wp\/v2\/users\/1"}],"replies":[{"embeddable":true,"href":"https:\/\/gradski.me\/en\/wp-json\/wp\/v2\/comments?post=830424"}],"version-history":[{"count":0,"href":"https:\/\/gradski.me\/en\/wp-json\/wp\/v2\/posts\/830424\/revisions"}],"wp:featuredmedia":[{"embeddable":true,"href":"https:\/\/gradski.me\/en\/wp-json\/wp\/v2\/media\/811315"}],"wp:attachment":[{"href":"https:\/\/gradski.me\/en\/wp-json\/wp\/v2\/media?parent=830424"}],"wp:term":[{"taxonomy":"category","embeddable":true,"href":"https:\/\/gradski.me\/en\/wp-json\/wp\/v2\/categories?post=830424"},{"taxonomy":"post_tag","embeddable":true,"href":"https:\/\/gradski.me\/en\/wp-json\/wp\/v2\/tags?post=830424"},{"taxonomy":"naslovna","embeddable":true,"href":"https:\/\/gradski.me\/en\/wp-json\/wp\/v2\/naslovna?post=830424"}],"curies":[{"name":"wp","href":"https:\/\/api.w.org\/{rel}","templated":true}]}}