{"id":829601,"date":"2025-09-08T15:11:00","date_gmt":"2025-09-08T13:11:00","guid":{"rendered":"https:\/\/gradski.me\/?p=829601"},"modified":"2025-09-08T15:11:00","modified_gmt":"2025-09-08T13:11:00","slug":"na-bozaju-uhapsen-osumnjiceni-za-pranje-novca","status":"publish","type":"post","link":"https:\/\/gradski.me\/en\/hronika\/na-bozaju-uhapsen-osumnjiceni-za-pranje-novca\/","title":{"rendered":"Na Bo\u017eaju uhap\u0161en osumnji\u010deni za pranje novca, kod njega prona\u0111eno 40.000 eura"},"content":{"rendered":"<p><\/p>\n\n\n\n<p><\/p>\n\n\n\n<p>U zajedni\u010dkoj aktivnosti slu\u017ebenika Uprave policije i Uprave carina &#8211; Sektora grani\u010dne policije i Odsjeka za suzbijanje krijum\u010darenja, na osnovu ciljane analize rizika Uprave carina, izvr\u0161enom detaljnom kontrolom na drugoj liniji grani\u010dnih provjera, u unutra\u0161njosti kabine teretnog motornog vozila prona\u0111eno je i oduzeto 39.052 eura i 12.525 turskih lira.<\/p>\n\n\n\n<p>Slu\u017ebenici Uprave policije, Sektora grani\u010dne policije zajedno sa policijskim slu\u017ebenicima Sektora za finansijsko obavje\u0161tajne poslove i slu\u017ebenicima Uprave carina, te u koordinaciji sa Osnovnim dr\u017eavnim tu\u017eila\u0161tvom u Podgorici, su nakon niza preduzetih mjera i radnji, li\u0161ili slobode D.V. zbog sumnje da je izvr\u0161io krivi\u010dno djelo pranje novca.<\/p>\n\n\n\n<p>On \u0107e uz krivi\u010dnu prijavu biti priveden postupaju\u0107em tu\u017eiocu na dalju nadle\u017enost u zakonskom roku.<\/p>\n\n\n\n<p>Kroz me\u0111usektorsku saradnju organi za sprovo\u0111enje zakona daju jedinstven odgovor &#8211; konkretne rezultate u borbi protiv kirminala, ja\u010danju bezbjednosti \u0161to pokazuje da koordinisana saradnja predstavlja zna\u010dajan doprinos ja\u010danju efikasnosti u otkrivanju i procesuiranju krivi\u010dnih djela.<\/p>","protected":false},"excerpt":{"rendered":"<p>Sino\u0107 je grani\u010dnoj kontroli na izlazu iz Crne Gore, na grani\u010dnom prelazu Bo\u017eaj, pristupio D.V. (43) koji je upravljao teretnim motornim vozilom i priklju\u010dnim vozilom, saop\u0161teno je iz UP.<\/p>","protected":false},"author":1,"featured_media":827157,"comment_status":"open","ping_status":"open","sticky":false,"template":"","format":"standard","meta":{"_acf_changed":false,"footnotes":"","jetpack_publicize_message":"","jetpack_publicize_feature_enabled":true,"jetpack_social_post_already_shared":false,"jetpack_social_options":{"image_generator_settings":{"template":"highway","default_image_id":0,"font":"","enabled":false},"version":2}},"categories":[10],"tags":[187,5614,109],"naslovna":[],"class_list":["post-829601","post","type-post","status-publish","format-standard","has-post-thumbnail","hentry","category-hronika","tag-osumnjiceni-2","tag-pranje-novca","tag-uprava-policije"],"acf":[],"jetpack_publicize_connections":[],"_links":{"self":[{"href":"https:\/\/gradski.me\/en\/wp-json\/wp\/v2\/posts\/829601","targetHints":{"allow":["GET"]}}],"collection":[{"href":"https:\/\/gradski.me\/en\/wp-json\/wp\/v2\/posts"}],"about":[{"href":"https:\/\/gradski.me\/en\/wp-json\/wp\/v2\/types\/post"}],"author":[{"embeddable":true,"href":"https:\/\/gradski.me\/en\/wp-json\/wp\/v2\/users\/1"}],"replies":[{"embeddable":true,"href":"https:\/\/gradski.me\/en\/wp-json\/wp\/v2\/comments?post=829601"}],"version-history":[{"count":0,"href":"https:\/\/gradski.me\/en\/wp-json\/wp\/v2\/posts\/829601\/revisions"}],"wp:featuredmedia":[{"embeddable":true,"href":"https:\/\/gradski.me\/en\/wp-json\/wp\/v2\/media\/827157"}],"wp:attachment":[{"href":"https:\/\/gradski.me\/en\/wp-json\/wp\/v2\/media?parent=829601"}],"wp:term":[{"taxonomy":"category","embeddable":true,"href":"https:\/\/gradski.me\/en\/wp-json\/wp\/v2\/categories?post=829601"},{"taxonomy":"post_tag","embeddable":true,"href":"https:\/\/gradski.me\/en\/wp-json\/wp\/v2\/tags?post=829601"},{"taxonomy":"naslovna","embeddable":true,"href":"https:\/\/gradski.me\/en\/wp-json\/wp\/v2\/naslovna?post=829601"}],"curies":[{"name":"wp","href":"https:\/\/api.w.org\/{rel}","templated":true}]}}