{"id":829466,"date":"2025-09-08T12:39:00","date_gmt":"2025-09-08T10:39:00","guid":{"rendered":"https:\/\/gradski.me\/?p=829466"},"modified":"2025-09-08T12:39:00","modified_gmt":"2025-09-08T10:39:00","slug":"zajednica-opstina-komnenovic-na-celu-kadrovske-komisije-zajednice-opstina-asanovic-potpredsjednik","status":"publish","type":"post","link":"https:\/\/gradski.me\/en\/drustvo\/zajednica-opstina-komnenovic-na-celu-kadrovske-komisije-zajednice-opstina-asanovic-potpredsjednik\/","title":{"rendered":"Zajednica op\u0161tina: Komnenovi\u0107 na \u010delu Kadrovske komisije Zajednice op\u0161tina, Asanovi\u0107 potpredsjednik"},"content":{"rendered":"<p><\/p>\n\n\n\n<p>Osnivanjem Kadrovske komisije Zajednica op\u0161tina dodatno ja\u010da institucionalne mehanizme kojima se osigurava odgovorno, zakonito i javno postupanje u predlaganju kandidata. Komisija \u0107e razmatrati predloge jedinica lokalne samouprave i na osnovu jasnih kriterijuma stru\u010dnosti i integriteta predlagati kandidate za \u010dlanove odbora direktora, savjeta i drugih radnih tijela od zna\u010daja.<\/p>\n\n\n\n<p>Komisiju \u010dini sedam \u010dlanova koje imenuje Upravni odbor Zajednice op\u0161tina. Njen rad je ure\u0111en Poslovnikom kojim su jasno definisani postupci odlu\u010divanja, vo\u0111enje zapisnika i na\u010din odr\u017eavanja sjednica \u2013 uklju\u010duju\u0107i i elektronske i telefonske, \u0161to omogu\u0107ava efikasnost i dostupnost procesa.<\/p>\n\n\n\n<p>Na ovaj na\u010din, Zajednica op\u0161tina potvr\u0111uje svoju posve\u0107enost principima dobrog upravljanja, ravnopravne zastupljenosti i javnosti rada, kao i uklju\u010divanju razli\u010ditih dru\u0161tvenih i profesionalnih grupa u postupke odlu\u010divanja. Cilj je da se u potpunosti osigura povjerenje gra\u0111ana i lokalnih samouprava u procese imenovanja, kao i da oni odra\u017eavaju vrijednosti pravednosti, profesionalizma i odgovorne javne politike.<\/p>","protected":false},"excerpt":{"rendered":"<p>Zajednica op\u0161tina Crne Gore formirala je Kadrovsku komisiju kao posebno tijelo koje \u0107e pratiti i predlagati kandidate za imenovanja u dr\u017eavnim odborima i drugim tijelima od zna\u010daja za lokalne samouprave, sa ciljem da se procesi izbora odvijaju na na\u010din koji obezbje\u0111uje transparentnost, stru\u010dnost, jednakost i nediskriminaciju. Za predsjednika Komisije jednoglasno je izabran \u017deljko Komnenovi\u0107, predsjednik Op\u0161tine Kotor a za potpredsjednika Mihailo Asanovi\u0107, predsjednik Op\u0161tine Zeta.<\/p>","protected":false},"author":1,"featured_media":829469,"comment_status":"open","ping_status":"open","sticky":false,"template":"","format":"standard","meta":{"_acf_changed":false,"footnotes":"","jetpack_publicize_message":"","jetpack_publicize_feature_enabled":true,"jetpack_social_post_already_shared":false,"jetpack_social_options":{"image_generator_settings":{"template":"highway","default_image_id":0,"font":"","enabled":false},"version":2}},"categories":[9],"tags":[5622,4017],"naslovna":[],"class_list":["post-829466","post","type-post","status-publish","format-standard","has-post-thumbnail","hentry","category-drustvo","tag-zajednica-opstina-cg","tag-zeljko-komnenovic"],"acf":[],"jetpack_publicize_connections":[],"_links":{"self":[{"href":"https:\/\/gradski.me\/en\/wp-json\/wp\/v2\/posts\/829466","targetHints":{"allow":["GET"]}}],"collection":[{"href":"https:\/\/gradski.me\/en\/wp-json\/wp\/v2\/posts"}],"about":[{"href":"https:\/\/gradski.me\/en\/wp-json\/wp\/v2\/types\/post"}],"author":[{"embeddable":true,"href":"https:\/\/gradski.me\/en\/wp-json\/wp\/v2\/users\/1"}],"replies":[{"embeddable":true,"href":"https:\/\/gradski.me\/en\/wp-json\/wp\/v2\/comments?post=829466"}],"version-history":[{"count":0,"href":"https:\/\/gradski.me\/en\/wp-json\/wp\/v2\/posts\/829466\/revisions"}],"wp:featuredmedia":[{"embeddable":true,"href":"https:\/\/gradski.me\/en\/wp-json\/wp\/v2\/media\/829469"}],"wp:attachment":[{"href":"https:\/\/gradski.me\/en\/wp-json\/wp\/v2\/media?parent=829466"}],"wp:term":[{"taxonomy":"category","embeddable":true,"href":"https:\/\/gradski.me\/en\/wp-json\/wp\/v2\/categories?post=829466"},{"taxonomy":"post_tag","embeddable":true,"href":"https:\/\/gradski.me\/en\/wp-json\/wp\/v2\/tags?post=829466"},{"taxonomy":"naslovna","embeddable":true,"href":"https:\/\/gradski.me\/en\/wp-json\/wp\/v2\/naslovna?post=829466"}],"curies":[{"name":"wp","href":"https:\/\/api.w.org\/{rel}","templated":true}]}}