{"id":829410,"date":"2025-09-08T10:01:06","date_gmt":"2025-09-08T08:01:06","guid":{"rendered":"https:\/\/gradski.me\/?p=829410"},"modified":"2025-09-08T10:01:06","modified_gmt":"2025-09-08T08:01:06","slug":"pretresom-u-bijelom-polju-policija-pronasla-oruzje-i-municiju-uhapsena-jedna-osoba","status":"publish","type":"post","link":"https:\/\/gradski.me\/en\/hronika\/pretresom-u-bijelom-polju-policija-pronasla-oruzje-i-municiju-uhapsena-jedna-osoba\/","title":{"rendered":"Pretresom u Bijelom Polju policija prona\u0161la oru\u017eje i municiju, uhap\u0161ena jedna osoba"},"content":{"rendered":"<p>&#8222;Naime, postupaju\u0107i po prethodno pribavljenoj naredbi nadle\u017enog suda, policijski slu\u017ebenici Odjeljenja bezbjednosti Bijelo Polje su izvr\u0161ili pretres stana i drugih prostorija koje koristi lice J.B. iz toga grada&#8220;, navodi se u saop\u0161tenju.<\/p>\n\n\n\n<p>Prona\u0111eno oru\u017eje i municija, kao i eskplozivne naprave.<\/p>\n\n\n\n<p>&#8222;Pretresom je policija prona\u0161la i oduzela dvije tromblonske mine, protivavionski metak, dva startna pi\u0161tolja i 28 komada municije, 209 komada bojevih metaka i dva okvira od pi\u0161tolja&#8220;, stoji u saop\u0161tenju.<\/p>\n\n\n\n<p>Iz policije su kazali da je J.B. li\u0161en slobode i on \u0107e uz krivi\u010dnu prijavu biti priveden postupaju\u0107em tu\u017eiocu u Osnovnom dr\u017eavnom tu\u017eila\u0161tvu u Bijelom Polju na dalju nadle\u017enost u zakonskom roku.<\/p>\n\n\n\n<p><\/p>","protected":false},"excerpt":{"rendered":"<p>Policijski slu\u017ebenici Regionalnog centra bezbjednosti \u201eSjever\u201c u nastavku aktivnosti usmjerenih na suzbijanje ilegalnog posjedovanja oru\u017eja, su u saradnji i po nalogu tu\u017eioca u Osnovnom dr\u017eavnom tu\u017eila\u0161tvu u Bijelom Polju, li\u0161ili slobode osobu koja se sumnji\u010di za krivi\u010dno djelo nedozvoljeno dr\u017eanje i no\u0161enje oru\u017eja i eksplozivnih materija, saop\u0161teno je iz Uprave policije (UP).<\/p>","protected":false},"author":1,"featured_media":829416,"comment_status":"open","ping_status":"open","sticky":false,"template":"","format":"standard","meta":{"_acf_changed":false,"footnotes":"","jetpack_publicize_message":"","jetpack_publicize_feature_enabled":true,"jetpack_social_post_already_shared":false,"jetpack_social_options":{"image_generator_settings":{"template":"highway","default_image_id":0,"font":"","enabled":false},"version":2}},"categories":[10],"tags":[693,141,174,3253],"naslovna":[],"class_list":["post-829410","post","type-post","status-publish","format-standard","has-post-thumbnail","hentry","category-hronika","tag-hapsenje","tag-oruzje","tag-policija","tag-pretres"],"acf":[],"jetpack_publicize_connections":[],"_links":{"self":[{"href":"https:\/\/gradski.me\/en\/wp-json\/wp\/v2\/posts\/829410","targetHints":{"allow":["GET"]}}],"collection":[{"href":"https:\/\/gradski.me\/en\/wp-json\/wp\/v2\/posts"}],"about":[{"href":"https:\/\/gradski.me\/en\/wp-json\/wp\/v2\/types\/post"}],"author":[{"embeddable":true,"href":"https:\/\/gradski.me\/en\/wp-json\/wp\/v2\/users\/1"}],"replies":[{"embeddable":true,"href":"https:\/\/gradski.me\/en\/wp-json\/wp\/v2\/comments?post=829410"}],"version-history":[{"count":0,"href":"https:\/\/gradski.me\/en\/wp-json\/wp\/v2\/posts\/829410\/revisions"}],"wp:featuredmedia":[{"embeddable":true,"href":"https:\/\/gradski.me\/en\/wp-json\/wp\/v2\/media\/829416"}],"wp:attachment":[{"href":"https:\/\/gradski.me\/en\/wp-json\/wp\/v2\/media?parent=829410"}],"wp:term":[{"taxonomy":"category","embeddable":true,"href":"https:\/\/gradski.me\/en\/wp-json\/wp\/v2\/categories?post=829410"},{"taxonomy":"post_tag","embeddable":true,"href":"https:\/\/gradski.me\/en\/wp-json\/wp\/v2\/tags?post=829410"},{"taxonomy":"naslovna","embeddable":true,"href":"https:\/\/gradski.me\/en\/wp-json\/wp\/v2\/naslovna?post=829410"}],"curies":[{"name":"wp","href":"https:\/\/api.w.org\/{rel}","templated":true}]}}