{"id":829212,"date":"2025-09-07T20:42:00","date_gmt":"2025-09-07T18:42:00","guid":{"rendered":"https:\/\/gradski.me\/?p=829212"},"modified":"2025-09-07T20:42:00","modified_gmt":"2025-09-07T18:42:00","slug":"poceko-podnio-ostavku","status":"publish","type":"post","link":"https:\/\/gradski.me\/en\/sport\/poceko-podnio-ostavku\/","title":{"rendered":"Poceko podnio ostavku"},"content":{"rendered":"<p>Nakon me\u010da, selektor &#8222;azura&#8220; \u0110anmarko Poceko saop\u0161tio je na konferenciji da podnosi ostavku. <\/p>\n\n\n\n<p>U suzama se zahvalio predsjedniku saveza Petru\u0107iju i svom stru\u010dnom \u0161tabu, isti\u010du\u0107i da mu je vo\u0111enje reprezentacije bilo najve\u0107a \u010dast u karijeri. Posebno se osvrnuo na svoje igra\u010de, kazav\u0161i da ga ne zanima kako ga drugi vide kao trenera, jer mu je jedino va\u017eno koliko ih voli i po\u0161tuje.<\/p>\n\n\n\n<p>&#8222;Nisam tu\u017ean zbog sebe, ve\u0107 jer vidim koliko im je te\u0161ko. Mo\u017eda prona\u0111u novog trenera, ali niko ih ne\u0107e voljeti vi\u0161e od mene\u201c, rekao je Poceko kroz suze. <\/p>\n\n\n\n<p>Dodao je i da se ne kaje ni za \u0161ta, te da \u0107e mu period na klupi \u201eazura\u201c zauvijek ostati urezan kao najposebniji trenutak karijere. <\/p>\n\n\n\n<p>Na kraju, \u010destitao je Sloveniji na zaslu\u017eenoj pobjedi, naglasiv\u0161i da je Luka Don\u010di\u0107 bio nevjerovatan, ali da su i svi ostali igrali na jako visokom nivou.<\/p>","protected":false},"excerpt":{"rendered":"<p>Italija je zavr\u0161ila svoj nastup na Eurobasketu porazom od Slovenije u osmini finala (84:77), \u010dime je prekinut niz od \u010detiri uzastopna plasmana me\u0111u osam najboljih. <\/p>","protected":false},"author":1,"featured_media":829220,"comment_status":"open","ping_status":"open","sticky":false,"template":"","format":"standard","meta":{"_acf_changed":false,"footnotes":"","jetpack_publicize_message":"","jetpack_publicize_feature_enabled":true,"jetpack_social_post_already_shared":false,"jetpack_social_options":{"image_generator_settings":{"template":"highway","default_image_id":0,"font":"","enabled":false},"version":2}},"categories":[15],"tags":[5567,2920,4473,2412,951],"naslovna":[],"class_list":["post-829212","post","type-post","status-publish","format-standard","has-post-thumbnail","hentry","category-sport","tag-djanmarko-poceko","tag-eurobasket-2025","tag-muska-kosarkaska-reprezentacija-italije","tag-muska-kosarkaska-reprezentacija-slovenije","tag-ostavka"],"acf":[],"jetpack_publicize_connections":[],"_links":{"self":[{"href":"https:\/\/gradski.me\/en\/wp-json\/wp\/v2\/posts\/829212","targetHints":{"allow":["GET"]}}],"collection":[{"href":"https:\/\/gradski.me\/en\/wp-json\/wp\/v2\/posts"}],"about":[{"href":"https:\/\/gradski.me\/en\/wp-json\/wp\/v2\/types\/post"}],"author":[{"embeddable":true,"href":"https:\/\/gradski.me\/en\/wp-json\/wp\/v2\/users\/1"}],"replies":[{"embeddable":true,"href":"https:\/\/gradski.me\/en\/wp-json\/wp\/v2\/comments?post=829212"}],"version-history":[{"count":0,"href":"https:\/\/gradski.me\/en\/wp-json\/wp\/v2\/posts\/829212\/revisions"}],"wp:featuredmedia":[{"embeddable":true,"href":"https:\/\/gradski.me\/en\/wp-json\/wp\/v2\/media\/829220"}],"wp:attachment":[{"href":"https:\/\/gradski.me\/en\/wp-json\/wp\/v2\/media?parent=829212"}],"wp:term":[{"taxonomy":"category","embeddable":true,"href":"https:\/\/gradski.me\/en\/wp-json\/wp\/v2\/categories?post=829212"},{"taxonomy":"post_tag","embeddable":true,"href":"https:\/\/gradski.me\/en\/wp-json\/wp\/v2\/tags?post=829212"},{"taxonomy":"naslovna","embeddable":true,"href":"https:\/\/gradski.me\/en\/wp-json\/wp\/v2\/naslovna?post=829212"}],"curies":[{"name":"wp","href":"https:\/\/api.w.org\/{rel}","templated":true}]}}