{"id":829092,"date":"2025-09-07T17:50:22","date_gmt":"2025-09-07T15:50:22","guid":{"rendered":"https:\/\/gradski.me\/?p=829092"},"modified":"2025-09-07T17:50:22","modified_gmt":"2025-09-07T15:50:22","slug":"ferstapen-slavio-u-monci","status":"publish","type":"post","link":"https:\/\/gradski.me\/en\/sport\/ferstapen-slavio-u-monci\/","title":{"rendered":"Ferstapen slavio u Monci"},"content":{"rendered":"<p><br>Voza\u010d Red Bula\u00a0<strong>Maks Ferstapen\u00a0<\/strong>pobednik je trke za Veliku nagradu Italije u Formuli 1.<\/p>\n\n\n\n<p>Ferstapen je tako u Monci do\u0161ao do tre\u0107e pobjede ove sezone, a 66. u karijeri.<\/p>\n\n\n\n<p>Kao drugoplasirani zavr\u0161io je&nbsp;<strong>Land of Noris<\/strong>, dok je na tre\u0107oj poziciji bio njegov timski kolega&nbsp;<strong>Oskar Pjastri<\/strong>.<\/p>\n\n\n\n<p>\u010cetvrto mjesto u trci zauzeo je voza\u010d Ferarija&nbsp;<strong>\u0160arl Lekler<\/strong>, a bodove su jo\u0161 osvojili&nbsp;<strong>D\u017eord\u017e Rasel&nbsp;<\/strong>(Mercedes),&nbsp;<strong>Luis Hamilton&nbsp;<\/strong>(Ferari),&nbsp;<strong>Aleks Albon&nbsp;<\/strong>(Vilijams),&nbsp;<strong>Gabrijel Bortoleto&nbsp;<\/strong>(Zauber),&nbsp;<strong>Kimi Antoneli&nbsp;<\/strong>(Mercedes) i&nbsp;<strong>Isak Ha\u0111ar&nbsp;<\/strong>(Rejsing Buls).<\/p>\n\n\n\n<p>Pjastri je vode\u0107i u generalnom plasmanu sa 324 boda, drugi je Noris sa 293, a tre\u0107i je Ferstapen sa 230 bodova.<\/p>","protected":false},"excerpt":{"rendered":"<p>Prvo mjesto u kvalifikacijama nije bilo slu\u010dajno.<\/p>","protected":false},"author":1,"featured_media":566202,"comment_status":"open","ping_status":"open","sticky":false,"template":"","format":"standard","meta":{"_acf_changed":false,"footnotes":"","jetpack_publicize_message":"","jetpack_publicize_feature_enabled":true,"jetpack_social_post_already_shared":false,"jetpack_social_options":{"image_generator_settings":{"template":"highway","default_image_id":0,"font":"","enabled":false},"version":2}},"categories":[15],"tags":[698,5550,5551],"naslovna":[],"class_list":["post-829092","post","type-post","status-publish","format-standard","has-post-thumbnail","hentry","category-sport","tag-formula-1","tag-maks-fesrtapen","tag-trka-za-veliku-nagradu-italije"],"acf":[],"jetpack_publicize_connections":[],"_links":{"self":[{"href":"https:\/\/gradski.me\/en\/wp-json\/wp\/v2\/posts\/829092","targetHints":{"allow":["GET"]}}],"collection":[{"href":"https:\/\/gradski.me\/en\/wp-json\/wp\/v2\/posts"}],"about":[{"href":"https:\/\/gradski.me\/en\/wp-json\/wp\/v2\/types\/post"}],"author":[{"embeddable":true,"href":"https:\/\/gradski.me\/en\/wp-json\/wp\/v2\/users\/1"}],"replies":[{"embeddable":true,"href":"https:\/\/gradski.me\/en\/wp-json\/wp\/v2\/comments?post=829092"}],"version-history":[{"count":0,"href":"https:\/\/gradski.me\/en\/wp-json\/wp\/v2\/posts\/829092\/revisions"}],"wp:featuredmedia":[{"embeddable":true,"href":"https:\/\/gradski.me\/en\/wp-json\/wp\/v2\/media\/566202"}],"wp:attachment":[{"href":"https:\/\/gradski.me\/en\/wp-json\/wp\/v2\/media?parent=829092"}],"wp:term":[{"taxonomy":"category","embeddable":true,"href":"https:\/\/gradski.me\/en\/wp-json\/wp\/v2\/categories?post=829092"},{"taxonomy":"post_tag","embeddable":true,"href":"https:\/\/gradski.me\/en\/wp-json\/wp\/v2\/tags?post=829092"},{"taxonomy":"naslovna","embeddable":true,"href":"https:\/\/gradski.me\/en\/wp-json\/wp\/v2\/naslovna?post=829092"}],"curies":[{"name":"wp","href":"https:\/\/api.w.org\/{rel}","templated":true}]}}