{"id":828910,"date":"2025-09-07T13:56:00","date_gmt":"2025-09-07T11:56:00","guid":{"rendered":"https:\/\/gradski.me\/?p=828910"},"modified":"2025-09-07T13:56:00","modified_gmt":"2025-09-07T11:56:00","slug":"pican-milovicu-nije-problem-sto-je-kordic-putovala-vec-sto-je-postigla-ozbiljne-uspjehe-na-medjunarodnom-planu","status":"publish","type":"post","link":"https:\/\/gradski.me\/en\/ekonomija\/pican-milovicu-nije-problem-sto-je-kordic-putovala-vec-sto-je-postigla-ozbiljne-uspjehe-na-medjunarodnom-planu\/","title":{"rendered":"Pi\u0107an: Milovi\u0107u nije problem \u0161to je Kordi\u0107 putovala ve\u0107 \u0161to je postigla ozbiljne uspjehe na me\u0111unarodnom planu"},"content":{"rendered":"<p><\/p>\n\n\n\n<p>Pi\u0107an je kazala da \u0107e se rezultati aktuelne sezone vidjeti na kraju godine jer ona jo\u0161 uvijek traje, a preuranjene reakcije samo govore da \u0107e biti ozbiljan politi\u010dki problem za biv\u0161u vlast kada ukupni prihodi od turizma budu najve\u0107i, \u010dime \u0107e i turisti\u010dka sezona biti najbolja u istoriji.<\/p>\n\n\n\n<p>\u201cPoslanik DPS-a i odbornik u Skup\u0161tini op\u0161tine Budva Nikola Milovi\u0107 vi\u0161e se puta pozvao na stavove \u201cVijesti\u201d u kampanji protiv turizma nego na realne pokazatelje i struku. Pored pukog citiranja novinskih podmetanja u ovoj politi\u010dko-medijskoj koaliciji, Milovi\u0107 bi mogao da se pozabavi konkretnim i istinitim podacima na nivou Crne Gore ali i nezakonitim, kriminalnim i po op\u0161tinu Budva veoma \u0161tetnim odlukama lokalnih vlasti koje su direktno uperene protiv turizma, a Milovi\u0107 ih svom snagom podr\u017eava\u201d, kazala je Pi\u0107an.<\/p>\n\n\n\n<figure class=\"wp-block-embed is-type-wp-embed is-provider-gradski-portal wp-block-embed-gradski-portal\"><div class=\"wp-block-embed__wrapper\">\n<blockquote class=\"wp-embedded-content\" data-secret=\"PuAKNuakNU\"><a href=\"https:\/\/gradski.me\/en\/milovic-turisticke-avanture-ili-drzavnicke-misije\/\">Milovi\u0107: Turisti\u010dke avanture ili dr\u017eavni\u010dke misije?<\/a><\/blockquote><iframe class=\"wp-embedded-content\" sandbox=\"allow-scripts\" security=\"restricted\" style=\"position: absolute; visibility: hidden;\" title=\"&#132;Milovi\u0107: Turisti\u010dke avanture ili dr\u017eavni\u010dke misije?&#147; &#8212; Gradski portal\" src=\"https:\/\/gradski.me\/milovic-turisticke-avanture-ili-drzavnicke-misije\/embed\/#?secret=04RbiNNEtk#?secret=PuAKNuakNU\" data-secret=\"PuAKNuakNU\" width=\"600\" height=\"338\" frameborder=\"0\" marginwidth=\"0\" marginheight=\"0\" scrolling=\"no\"><\/iframe>\n<\/div><\/figure>\n\n\n\n<p>Kako je istakla, vjerovatno bi njihovi ministri potro\u0161ili milione da dobiju va\u017eno mjesto u svjetskoj organizaciji za turizam, ali ih \u201cteren nije prepoznao\u201d, dok je Kordi\u0107 postala predsjednica evropske komisije za turizam pri Ujedinjenim nacijama.<\/p>\n\n\n\n<p>\u201cTime se Crna Gora pozicionirala u sami vrh svjetskog i evropskog turizma, a ranije je predstavljala puki dekor u tim okvirima. Na\u0161a zemlja nikada prije nije imala tako veliki broj gostiju sa vi\u0161estruko razli\u010ditih tr\u017ei\u0161ta od Amerike do Australije, \u010dime je kona\u010dno \u201cprobila led\u201d istinske me\u0111unarodne destinacije\u201d, smatra Pi\u0107an.<\/p>\n\n\n\n<p>Koliko je biv\u0161i re\u017eim mogao i umio posti\u0107i u turizmu, navodi Pi\u0107an, pokazala je 2019. godina.<\/p>\n\n\n\n<p>\u201cTada je DPS imao apsolutnu vlast, a nije bilo ni ratova ni korone. Danas su svi brojevi iz 2019. uveliko nadma\u0161eni\u201d, kazala je ona.<\/p>\n\n\n\n<p>Prema njenim rije\u010dima, u teku\u0107oj 2025. ima vi\u0161e hotela i turisti\u010dkih privrednika u razli\u010ditim sektorima nego \u0161to je prethodna vlast mogla i zamisliti. Ve\u0107i broj turista se mjeri u razlici od nekoliko stotina hiljada, a no\u0107enja je vi\u0161e za milion i dvjesta hiljada u odnosu na 2019. godinu.<\/p>\n\n\n\n<p>\u201cU hotelskom smje\u0161taju se bilje\u017ee rekordni rezultati, a od pla\u017ea se ubiraju prihodi od 35 miliona evra, sedam puta ve\u0107i nego za vrijeme DPS-a. Broj seoskih doma\u0107instava je triput ve\u0107i, \u0161to je dovelo do procvata turizma na sjeveru dr\u017eave. Krajnji efekat svih ovih poteza je produ\u017eenje sezone kojem upravo svjedo\u010dimo\u201d, navela je Pi\u0107an.<\/p>\n\n\n\n<p>Poru\u010duje da \u0107e se rezultati aktuelne sezone vidjeti na kraju godine jer ona jo\u0161 uvijek traje, a preuranjene reakcije samo govore da \u0107e biti ozbiljan politi\u010dki problem za biv\u0161u vlast kada ukupni prihodi od turizma budu najve\u0107i, \u010dime \u0107e i turisti\u010dka sezona biti najbolja u istoriji.<\/p>","protected":false},"excerpt":{"rendered":"<p>Nije problem Milovi\u0107u \u0161to je ministarka turizma Simonida Kordi\u0107 slu\u017ebeno putovala, \u0161to joj je svakako u opisu posla, ve\u0107 \u0161to je postigla ozbiljne uspjehe na me\u0111unarodnom planu, navela je poslanica Nove srpske demokratije, Bojana Pi\u0107an, koja je reagovala na izjavu poslanika DPS-a i odbornika u SO Budva Nikole Milovi\u0107a u kojoj navodi da \u201cCrnogorski turizam, prema posljednjim podacima, bilje\u017ei 370.000 no\u0107enja manje u odnosu na prethodnu godinu\u201d.<\/p>","protected":false},"author":1,"featured_media":689012,"comment_status":"open","ping_status":"open","sticky":false,"template":"","format":"standard","meta":{"_acf_changed":false,"footnotes":"","jetpack_publicize_message":"","jetpack_publicize_feature_enabled":true,"jetpack_social_post_already_shared":false,"jetpack_social_options":{"image_generator_settings":{"template":"highway","default_image_id":0,"font":"","enabled":false},"version":2}},"categories":[8],"tags":[5507,88,1432,1572,631],"naslovna":[],"class_list":["post-828910","post","type-post","status-publish","format-standard","has-post-thumbnail","hentry","category-ekonomija","tag-bojana-pican","tag-dps","tag-nikola-milovic","tag-nsd","tag-simonida-kordic"],"acf":[],"jetpack_publicize_connections":[],"_links":{"self":[{"href":"https:\/\/gradski.me\/en\/wp-json\/wp\/v2\/posts\/828910","targetHints":{"allow":["GET"]}}],"collection":[{"href":"https:\/\/gradski.me\/en\/wp-json\/wp\/v2\/posts"}],"about":[{"href":"https:\/\/gradski.me\/en\/wp-json\/wp\/v2\/types\/post"}],"author":[{"embeddable":true,"href":"https:\/\/gradski.me\/en\/wp-json\/wp\/v2\/users\/1"}],"replies":[{"embeddable":true,"href":"https:\/\/gradski.me\/en\/wp-json\/wp\/v2\/comments?post=828910"}],"version-history":[{"count":0,"href":"https:\/\/gradski.me\/en\/wp-json\/wp\/v2\/posts\/828910\/revisions"}],"wp:featuredmedia":[{"embeddable":true,"href":"https:\/\/gradski.me\/en\/wp-json\/wp\/v2\/media\/689012"}],"wp:attachment":[{"href":"https:\/\/gradski.me\/en\/wp-json\/wp\/v2\/media?parent=828910"}],"wp:term":[{"taxonomy":"category","embeddable":true,"href":"https:\/\/gradski.me\/en\/wp-json\/wp\/v2\/categories?post=828910"},{"taxonomy":"post_tag","embeddable":true,"href":"https:\/\/gradski.me\/en\/wp-json\/wp\/v2\/tags?post=828910"},{"taxonomy":"naslovna","embeddable":true,"href":"https:\/\/gradski.me\/en\/wp-json\/wp\/v2\/naslovna?post=828910"}],"curies":[{"name":"wp","href":"https:\/\/api.w.org\/{rel}","templated":true}]}}