{"id":828827,"date":"2025-09-07T11:14:00","date_gmt":"2025-09-07T09:14:00","guid":{"rendered":"https:\/\/gradski.me\/?p=828827"},"modified":"2025-09-07T11:14:00","modified_gmt":"2025-09-07T09:14:00","slug":"aktivni-odmor-i-pjesacenje-voznja-camcima-kajacima-i-biciklima-i-ukusi-domace-hrane-obiljezeli-dan-np-durmitor","status":"publish","type":"post","link":"https:\/\/gradski.me\/en\/drustvo\/aktivni-odmor-i-pjesacenje-voznja-camcima-kajacima-i-biciklima-i-ukusi-domace-hrane-obiljezeli-dan-np-durmitor\/","title":{"rendered":"Aktivni odmor i pje\u0161a\u010denje, vo\u017enja \u010damcima, kajacima i biciklima i ukusi doma\u0107e hrane obilje\u017eeli Dan NP Durmitor"},"content":{"rendered":"<p><\/p>\n\n\n\n<p><\/p>\n\n\n\n<p>Grupa od ukupno \u0161ezdeset u\u010desnika promotivno-interpretativne ture \u201eU zagrljaju \u0161ume i tri jezera \u2013 put u ti\u0161inu prirode\u201f, trideset u\u010denika JU Srednje mje\u0161ovite \u0161kole \u02ee17.septembar\u02ee sa \u017dabljaka u pratnji direktorice i profesora \u0161kole, i isto toliko zaljubljenika u prirodu iz nekoliko gradova, provela je prijatno vrijeme u pje\u0161a\u010denju i obilasku Crnog, Zminjeg i Barnog jezera. Prolaze\u0107i krivudavim \u0161umskim predjelima, uz pri\u010du o njihovim najva\u017enijim vrijednostima i informativne table Nacionalnog parka, imali su priliku da saznaju vi\u0161e o biljnom i \u017eivotinjskom svijetu ovih \u2032gorskih o\u010diju\u2032. Po zavr\u0161etku pje\u0161a\u010denja, u\u010desnici ture u\u017eivali su i u dobrim ukusima doma\u0107e hrane pripremljene na tradicionalni na\u010din.<\/p>\n\n\n\n<figure class=\"wp-block-image size-large\"><img fetchpriority=\"high\" decoding=\"async\" width=\"1024\" height=\"768\" src=\"https:\/\/new.gradski.me\/wp-content\/uploads\/2025\/09\/thumbnail_NP-Durmitor-UNESCO-podrucje-1024x768.jpg\" alt=\"\" class=\"wp-image-828829\" title=\"\" srcset=\"https:\/\/gradski.me\/wp-content\/uploads\/2025\/09\/thumbnail_NP-Durmitor-UNESCO-podrucje-1024x768.jpg 1024w, https:\/\/gradski.me\/wp-content\/uploads\/2025\/09\/thumbnail_NP-Durmitor-UNESCO-podrucje-300x225.jpg 300w, https:\/\/gradski.me\/wp-content\/uploads\/2025\/09\/thumbnail_NP-Durmitor-UNESCO-podrucje-768x576.jpg 768w, https:\/\/gradski.me\/wp-content\/uploads\/2025\/09\/thumbnail_NP-Durmitor-UNESCO-podrucje-1536x1152.jpg 1536w, https:\/\/gradski.me\/wp-content\/uploads\/2025\/09\/thumbnail_NP-Durmitor-UNESCO-podrucje.jpg 1920w\" sizes=\"(max-width: 1024px) 100vw, 1024px\" \/><\/figure>\n\n\n\n<p>&#8222;Svjesni ljepote prirode koja krasi NP Durmitor i zna\u010daja o\u010duvanja njegovih vrijednosti, u\u010desnici promotivnog doga\u0111aja zahvalili su se organizatorima i direktoru NP Peru Popovi\u0107u, na dobrodo\u0161lici i lijepo osmi\u0161ljenom danu&#8220;, saop\u0161teno je iz Nacionalnih parkova Crne Gore.<\/p>\n\n\n\n<figure class=\"wp-block-image size-large is-resized\"><img decoding=\"async\" width=\"768\" height=\"1024\" src=\"https:\/\/new.gradski.me\/wp-content\/uploads\/2025\/09\/thumbnail_Voznja-camcima-i-kajacima-na-Crnom-jezeru-1-768x1024.jpg\" alt=\"\" class=\"wp-image-828832\" style=\"width:544px;height:auto\" title=\"\" srcset=\"https:\/\/gradski.me\/wp-content\/uploads\/2025\/09\/thumbnail_Voznja-camcima-i-kajacima-na-Crnom-jezeru-1-768x1024.jpg 768w, https:\/\/gradski.me\/wp-content\/uploads\/2025\/09\/thumbnail_Voznja-camcima-i-kajacima-na-Crnom-jezeru-1-225x300.jpg 225w, https:\/\/gradski.me\/wp-content\/uploads\/2025\/09\/thumbnail_Voznja-camcima-i-kajacima-na-Crnom-jezeru-1-1152x1536.jpg 1152w, https:\/\/gradski.me\/wp-content\/uploads\/2025\/09\/thumbnail_Voznja-camcima-i-kajacima-na-Crnom-jezeru-1-1536x2048.jpg 1536w, https:\/\/gradski.me\/wp-content\/uploads\/2025\/09\/thumbnail_Voznja-camcima-i-kajacima-na-Crnom-jezeru-1.jpg 1920w\" sizes=\"(max-width: 768px) 100vw, 768px\" \/><\/figure>\n\n\n\n<p>Pored aktivnog odmora, ovaj dan u za\u0161ti\u0107enoj prirodi bila je prilika da se posjetioci podsjete vrijednosti Nacionalnog parka koji je osnovan prije 73 godina. Istaknuto je da je zbog prirodnih rijetkosti, o\u010duvane flore i faune, ambijentalnih i kulturno-istorijskih vrijednosti, 6. septembra 1980. godine, UNESCO donio odluku o upisu NP Durmitor u Spisak svjetske kulturne i prirodne ba\u0161tine. Rijeka Tara sa svojim kanjonom, 1977. godine je uvr\u0161tena u Listu rezervata biosfere za o\u010duvanje i istra\u017eivanje ekosistema u okviru UNESCO programa \u201e\u010covjek i biosfera\u201d (M&amp;B).<\/p>\n\n\n\n<p>&#8222;I tokom narednih mjeseci posjetite NP Durmitor i do\u017eivite ljepotu svjetske prirodne i kulturne ba\u0161tine. Brojni planinski vrhovi preko 2.000 metara, 18 ledni\u010dkih jezera, \u010detinarske \u0161ume \u010dija su stabla stara i preko 400 godina, odu\u0161evi\u0107e vas bogatstvom biodiverziteta. Dobro do\u0161li&#8220;, naveli su iz NPCG.<\/p>\n\n\n\n<figure class=\"wp-block-image size-large\"><img decoding=\"async\" width=\"1024\" height=\"768\" src=\"https:\/\/new.gradski.me\/wp-content\/uploads\/2025\/09\/Voznja-vozicem-dio-promotivnog-dana-1024x768.jpg\" alt=\"\" class=\"wp-image-828831\" title=\"\" srcset=\"https:\/\/gradski.me\/wp-content\/uploads\/2025\/09\/Voznja-vozicem-dio-promotivnog-dana-1024x768.jpg 1024w, https:\/\/gradski.me\/wp-content\/uploads\/2025\/09\/Voznja-vozicem-dio-promotivnog-dana-300x225.jpg 300w, https:\/\/gradski.me\/wp-content\/uploads\/2025\/09\/Voznja-vozicem-dio-promotivnog-dana-768x576.jpg 768w, https:\/\/gradski.me\/wp-content\/uploads\/2025\/09\/Voznja-vozicem-dio-promotivnog-dana-1536x1152.jpg 1536w, https:\/\/gradski.me\/wp-content\/uploads\/2025\/09\/Voznja-vozicem-dio-promotivnog-dana.jpg 1600w\" sizes=\"(max-width: 1024px) 100vw, 1024px\" \/><\/figure>\n\n\n\n<p><\/p>","protected":false},"excerpt":{"rendered":"<p>Aktivni odmor u jedinstvenom ambijentu za\u0161ti\u0107enog prirodnog podru\u010dja, pje\u0161a\u010denje, dvo\u010dasovna besplatna vo\u017enja \u010damcima i kajacima, kao i degustacija doma\u0107e hrane, obilje\u017eili su Dan Nacionalnog parka Durmitor &#8211; 6. septembar koji su ove godine zajedno organizovali Nacionalni parkovi Crne Gore u saradnji sa Turisti\u010dkom organizacijom \u017dabljaka.<\/p>","protected":false},"author":1,"featured_media":828828,"comment_status":"open","ping_status":"open","sticky":false,"template":"","format":"standard","meta":{"_acf_changed":false,"footnotes":"","jetpack_publicize_message":"","jetpack_publicize_feature_enabled":true,"jetpack_social_post_already_shared":false,"jetpack_social_options":{"image_generator_settings":{"template":"highway","default_image_id":0,"font":"","enabled":false},"version":2}},"categories":[9],"tags":[5491,5492],"naslovna":[],"class_list":["post-828827","post","type-post","status-publish","format-standard","has-post-thumbnail","hentry","category-drustvo","tag-dan-np-durmitor","tag-nacionalni-parkovi-crne-gore"],"acf":[],"jetpack_publicize_connections":[],"_links":{"self":[{"href":"https:\/\/gradski.me\/en\/wp-json\/wp\/v2\/posts\/828827","targetHints":{"allow":["GET"]}}],"collection":[{"href":"https:\/\/gradski.me\/en\/wp-json\/wp\/v2\/posts"}],"about":[{"href":"https:\/\/gradski.me\/en\/wp-json\/wp\/v2\/types\/post"}],"author":[{"embeddable":true,"href":"https:\/\/gradski.me\/en\/wp-json\/wp\/v2\/users\/1"}],"replies":[{"embeddable":true,"href":"https:\/\/gradski.me\/en\/wp-json\/wp\/v2\/comments?post=828827"}],"version-history":[{"count":0,"href":"https:\/\/gradski.me\/en\/wp-json\/wp\/v2\/posts\/828827\/revisions"}],"wp:featuredmedia":[{"embeddable":true,"href":"https:\/\/gradski.me\/en\/wp-json\/wp\/v2\/media\/828828"}],"wp:attachment":[{"href":"https:\/\/gradski.me\/en\/wp-json\/wp\/v2\/media?parent=828827"}],"wp:term":[{"taxonomy":"category","embeddable":true,"href":"https:\/\/gradski.me\/en\/wp-json\/wp\/v2\/categories?post=828827"},{"taxonomy":"post_tag","embeddable":true,"href":"https:\/\/gradski.me\/en\/wp-json\/wp\/v2\/tags?post=828827"},{"taxonomy":"naslovna","embeddable":true,"href":"https:\/\/gradski.me\/en\/wp-json\/wp\/v2\/naslovna?post=828827"}],"curies":[{"name":"wp","href":"https:\/\/api.w.org\/{rel}","templated":true}]}}