{"id":828472,"date":"2025-09-06T17:49:00","date_gmt":"2025-09-06T15:49:00","guid":{"rendered":"https:\/\/gradski.me\/?p=828472"},"modified":"2025-09-06T17:49:00","modified_gmt":"2025-09-06T15:49:00","slug":"vujacic-budvanska-rivijera-i-dalje-krije-istinu","status":"publish","type":"post","link":"https:\/\/gradski.me\/en\/politika\/vujacic-budvanska-rivijera-i-dalje-krije-istinu\/","title":{"rendered":"Vuja\u010di\u0107: Budvanska rivijera i dalje krije istinu o zloupotrebi slu\u017ebenog automobila"},"content":{"rendered":"<p><\/p>\n\n\n\n<p>Iz njihovog, kako je kazao, odlu\u010dnog \u0107utanja, izvla\u010di se zaklju\u010dak da imaju namjeru da od budvanske i crnogorske javnosti sakriju istinu u vezi sa slu\u010dajem slupanog slu\u017ebenog automobila, koji je &#8222;od strane Pejovi\u0107a evidentno kori\u0161\u0107en u privatne svrhe&#8220;.<\/p>\n\n\n\n<p>&#8222;I ne samo to, iz konkretnog (ne)\u010dinjenja se jasno vidi koliko netransparentno posluju i kako se odnose prema gra\u0111anima koji su ih doveli do mogu\u0107nosti da zaposjednu fotelje sa pozama\u0161nim platama. Zato \u0161to gra\u0111ani zaslu\u017euju istinu u vezi sa ar\u010denjem pokretne imovine Budvanske rivijere, i danas pitamo:<\/p>\n\n\n\n<p>1. Za\u0161to se na uvid javnosti jo\u0161 uvijek ne daje putni nalog na osnovu kojeg je Pejovi\u0107 putovao u Srbiju gdje je slupao slu\u017ebeni automobil?<br>2. \u2060Ko je taj putni nalog potpisao?<br>3. \u2060Za\u0161to Pejovi\u0107, ako je putovao slu\u017ebeno, nije uzeo putne tro\u0161kove?<br>4. \u2060Po kojoj odluci savjetnik direktora ima slu\u017ebeni automobil?<br>5. \u2060Kako slupani automobil pripada predsjedniku Upravnog odbora, da li mu je predsjednik bespravno dao isti na kori\u0161\u0107enje\u201d, navodi Vuja\u010di\u0107.<\/p>\n\n\n\n<p>Prema njegovoj rije\u010dima, smije\u0161no je \u0161to danima na pitanja postavljena Budvanskoj rivijeri odgovore bez odgovora daju Demokrate, koje &#8222;relevantni sagovornici mogu biti samo na polju gastronomije&#8220;.<\/p>\n\n\n\n<p>\u201cJo\u0161 je smje\u0161nije \u0161to se Mijomir Pejovi\u0107 za svoje nepo\u010dinstvo brani iz Podgorice, a ne iz Budve\u201d, isti\u010de Vuja\u010di\u0107.<\/p>\n\n\n\n<p>Ipak, dodaje, \u0161ta gra\u0111ani misle o demagogiji Borisa Bogdanovi\u0107a, u koju je evidentno uvu\u010den mla\u0111ani \u0160ljivan\u010danin, kazali su im na izborima na kojima su ih poslali u opoziciju svode\u0107i njihovu snagu na dva odbornika u budvanskom parlamentu.<\/p>\n\n\n\n<p>\u201cZaklju\u010dno, kako niko ni\u0161ta nije pitao Borisa Bogdanovi\u0107a, a ni Aleksu \u0160ljivan\u010danina, zahtijevamo od nove uprave Budvanske rivijere da poka\u017ee profesionalnu odgovornost, zrelost, ali i etiku, i odgovori na pitanja u vezi sa \u0161tetom koju je Budvanskoj rivijeri nanio Demokrata Mijomir Pejovi\u0107 nezakonitim kori\u0161\u0107enjem slu\u017ebenog automobila koji je slupao na privatnom putovanju kroz Srbiju\u201d, zaklju\u010duje Vuja\u010di\u0107.<\/p>","protected":false},"excerpt":{"rendered":"<p>Budvanska rivijera ve\u0107 tri dana ne odgovara na jednostavna i konkretna pitanja povodom skandala koji je o\u010diglednom zloupotrebom slu\u017ebenog automobila prouzrokovao savjetnik izvr\u0161nog direktora i kadar Demokrata\u00a0Mijomir Pejovi\u0107,\u00a0saop\u0161tio je predsjednik SM DPS Budva i odbornik u SO Budva,\u00a0Lazar Vuja\u010di\u0107.\u00a0<\/p>","protected":false},"author":1,"featured_media":828473,"comment_status":"open","ping_status":"open","sticky":false,"template":"","format":"standard","meta":{"_acf_changed":false,"footnotes":"","jetpack_publicize_message":"","jetpack_publicize_feature_enabled":true,"jetpack_social_post_already_shared":false,"jetpack_social_options":{"image_generator_settings":{"template":"highway","default_image_id":0,"font":"","enabled":false},"version":2}},"categories":[7],"tags":[925,5434,868,88,5435],"naslovna":[],"class_list":["post-828472","post","type-post","status-publish","format-standard","has-post-thumbnail","hentry","category-politika","tag-budva","tag-budvanska-rivijera","tag-demokrate","tag-dps","tag-lazar-vujacic"],"acf":[],"jetpack_publicize_connections":[],"_links":{"self":[{"href":"https:\/\/gradski.me\/en\/wp-json\/wp\/v2\/posts\/828472","targetHints":{"allow":["GET"]}}],"collection":[{"href":"https:\/\/gradski.me\/en\/wp-json\/wp\/v2\/posts"}],"about":[{"href":"https:\/\/gradski.me\/en\/wp-json\/wp\/v2\/types\/post"}],"author":[{"embeddable":true,"href":"https:\/\/gradski.me\/en\/wp-json\/wp\/v2\/users\/1"}],"replies":[{"embeddable":true,"href":"https:\/\/gradski.me\/en\/wp-json\/wp\/v2\/comments?post=828472"}],"version-history":[{"count":0,"href":"https:\/\/gradski.me\/en\/wp-json\/wp\/v2\/posts\/828472\/revisions"}],"wp:featuredmedia":[{"embeddable":true,"href":"https:\/\/gradski.me\/en\/wp-json\/wp\/v2\/media\/828473"}],"wp:attachment":[{"href":"https:\/\/gradski.me\/en\/wp-json\/wp\/v2\/media?parent=828472"}],"wp:term":[{"taxonomy":"category","embeddable":true,"href":"https:\/\/gradski.me\/en\/wp-json\/wp\/v2\/categories?post=828472"},{"taxonomy":"post_tag","embeddable":true,"href":"https:\/\/gradski.me\/en\/wp-json\/wp\/v2\/tags?post=828472"},{"taxonomy":"naslovna","embeddable":true,"href":"https:\/\/gradski.me\/en\/wp-json\/wp\/v2\/naslovna?post=828472"}],"curies":[{"name":"wp","href":"https:\/\/api.w.org\/{rel}","templated":true}]}}