{"id":828243,"date":"2025-09-06T10:30:00","date_gmt":"2025-09-06T08:30:00","guid":{"rendered":"https:\/\/gradski.me\/?p=828243"},"modified":"2025-09-06T10:30:00","modified_gmt":"2025-09-06T08:30:00","slug":"vukovic-vrijeme-je-da-gradjani-dobiju-realnu-sansu-za-svoj-stan","status":"publish","type":"post","link":"https:\/\/gradski.me\/en\/politika\/vukovic-vrijeme-je-da-gradjani-dobiju-realnu-sansu-za-svoj-stan\/","title":{"rendered":"Vukovi\u0107: Vrijeme je da gra\u0111ani dobiju realnu \u0161ansu za svoj stan"},"content":{"rendered":"<p><\/p>\n\n\n\n<p>Vukovi\u0107 je istakla da je zato neophodno formirati dr\u017eavni stambeni fond \u201eStan za sve\u201c, kroz koji bi se omogu\u0107ila izgradnja stanova koji bi se prodavali gra\u0111anima koji nemaju svoj krov nad glavom po cijeni izgradnje, a ne tr\u017ei\u0161noj, \u0161to zna\u010di i duplo povoljnije od onoga \u0161to se danas nudi na tr\u017ei\u0161tu.<\/p>\n\n\n\n<p>\u201eNa\u0161 cilj je da se izgradi model koji \u0107e ljudima omogu\u0107iti da rate za stan budu ni\u017ee od onoga \u0161to danas pla\u0107aju za kiriju. Tako se ne poma\u017ee samo pojedincima i porodicama, ve\u0107 i cijelom dru\u0161tvu, jer se obezbje\u0111uje sigurnost, stabilnost i ostanak mladih u Crnoj Gori\u201c, navela je ona.<\/p>\n\n\n\n<p>Poslanica URE dodaje da Fond ne bi bio jednokratna mjera, ve\u0107 trajni mehanizam koji bi se finansirao kroz &#8222;revolving princip&#8220; \u2014 izgradnjom i prodajom stanova po fer cijeni sredstva bi se vra\u0107ala u fond i ulagala u izgradnju novih stambenih jedinica.<\/p>\n\n\n\n<p>\u201ePozivam sve koleginice i kolege u Skup\u0161tini da zajedno poka\u017eemo odgovornost i da podr\u017eimo rje\u0161enje koje mo\u017ee promijeniti \u017eivot hiljadama ljudi. Stan nije privilegija, to je osnovna potreba i pravo svakog \u010dovjeka\u201c, zaklju\u010dila je Vukovi\u0107.<\/p>","protected":false},"excerpt":{"rendered":"<p>\u201eCijene stanova u Crnoj Gori dostigle su nivo koji je nedosti\u017ean za ve\u0107inu gra\u0111ana. Mladim ljudima, porodicama koje \u017eive kao podstanari i ranjivim grupama, pravo na krov nad glavom postalo je luksuz. To je neprihvatljivo za dru\u0161tvo koje \u017eeli da gradi budu\u0107nost na pravdi i jednakim \u0161ansama\u201c, poru\u010dila je Milena Vukovi\u0107, poslanica Gra\u0111anskog pokreta URA.<\/p>","protected":false},"author":1,"featured_media":828244,"comment_status":"open","ping_status":"open","sticky":false,"template":"","format":"standard","meta":{"_acf_changed":false,"footnotes":"","jetpack_publicize_message":"","jetpack_publicize_feature_enabled":true,"jetpack_social_post_already_shared":false,"jetpack_social_options":{"image_generator_settings":{"template":"highway","default_image_id":0,"font":"","enabled":false},"version":2}},"categories":[7],"tags":[689,91,5370,5371],"naslovna":[],"class_list":["post-828243","post","type-post","status-publish","format-standard","has-post-thumbnail","hentry","category-politika","tag-gradjani","tag-milena-vukovic","tag-sansa-2","tag-stan"],"acf":[],"jetpack_publicize_connections":[],"_links":{"self":[{"href":"https:\/\/gradski.me\/en\/wp-json\/wp\/v2\/posts\/828243","targetHints":{"allow":["GET"]}}],"collection":[{"href":"https:\/\/gradski.me\/en\/wp-json\/wp\/v2\/posts"}],"about":[{"href":"https:\/\/gradski.me\/en\/wp-json\/wp\/v2\/types\/post"}],"author":[{"embeddable":true,"href":"https:\/\/gradski.me\/en\/wp-json\/wp\/v2\/users\/1"}],"replies":[{"embeddable":true,"href":"https:\/\/gradski.me\/en\/wp-json\/wp\/v2\/comments?post=828243"}],"version-history":[{"count":0,"href":"https:\/\/gradski.me\/en\/wp-json\/wp\/v2\/posts\/828243\/revisions"}],"wp:featuredmedia":[{"embeddable":true,"href":"https:\/\/gradski.me\/en\/wp-json\/wp\/v2\/media\/828244"}],"wp:attachment":[{"href":"https:\/\/gradski.me\/en\/wp-json\/wp\/v2\/media?parent=828243"}],"wp:term":[{"taxonomy":"category","embeddable":true,"href":"https:\/\/gradski.me\/en\/wp-json\/wp\/v2\/categories?post=828243"},{"taxonomy":"post_tag","embeddable":true,"href":"https:\/\/gradski.me\/en\/wp-json\/wp\/v2\/tags?post=828243"},{"taxonomy":"naslovna","embeddable":true,"href":"https:\/\/gradski.me\/en\/wp-json\/wp\/v2\/naslovna?post=828243"}],"curies":[{"name":"wp","href":"https:\/\/api.w.org\/{rel}","templated":true}]}}