{"id":827743,"date":"2025-09-05T17:26:00","date_gmt":"2025-09-05T15:26:00","guid":{"rendered":"https:\/\/gradski.me\/?p=827743"},"modified":"2025-09-05T17:26:00","modified_gmt":"2025-09-05T15:26:00","slug":"policija-reagovala-na-tucu-maloljetnika-u-baru-ceka-se-kvalifikacija-tuzioca","status":"publish","type":"post","link":"https:\/\/gradski.me\/en\/hronika\/policija-reagovala-na-tucu-maloljetnika-u-baru-ceka-se-kvalifikacija-tuzioca\/","title":{"rendered":"(VIDEO) Fight between minors in Bar, thirteen-year-old beaten"},"content":{"rendered":"<p><\/p>\n\n\n\n<p>&#8220;Policija je odmah, bez odlaganja, iza\u0161la na lice mjesta gdje je zate\u010deno dijete staro 13 godina sa povredama. Njemu je ukazana ljekarska pomo\u0107 u Op\u0161toj bolnici u Baru gdje su mu konstatovane lake tjelesne povrede&#8220;, navode iz Uprave policije.<\/p>\n\n\n\n<p>Policijski slu\u017ebenici su preduzeli niz intenzivnih&nbsp;operativnih aktivnosti iz svoje nadle\u017enosti u cilju utvr\u0111ivanja svih \u010dinjenica i okolnosti doga\u0111aja identifikovali lica koja su u\u010destvovala u&nbsp;fizi\u010dkom sukobu &#8211; &nbsp;dva maloljetna lica stara 15 i 13 godina sa jedne i povrijedjeno lice staro 13 godina sa druge strane, isti\u010du iz Uprave policije.<\/p>\n\n\n\n<p>&#8220;Od vi\u0161e lica su prikupljena obavje\u0161tenja na okolnosti ovoga doga\u0111aja i sveukupni spisi predmeta su dostavljeni tu\u017eiocu u Osnovnom dr\u017eavnom tu\u017eila\u0161tvu u Baru na ocjenu i mi\u0161ljenje, koja \u0107e se nakon uvida izjasniti o kvalifikaciji doga\u0111aja&#8220;, zaklju\u010duju iz Uprave policije.<\/p>\n\n\n\n<figure class=\"wp-block-embed is-type-rich is-provider-embed-handler wp-block-embed-embed-handler\"><div class=\"wp-block-embed__wrapper\">\n<div style=\"width: 640px;\" class=\"wp-video\"><video class=\"wp-video-shortcode\" id=\"video-827743-1\" width=\"640\" height=\"360\" preload=\"metadata\" controls=\"controls\"><source type=\"video\/mp4\" src=\"https:\/\/rtcg.me\/upload\/\/media\/2025\/8\/5\/17\/44\/529\/2249024\/snimak.mp4?_=1\" \/><a href=\"https:\/\/rtcg.me\/upload\/\/media\/2025\/8\/5\/17\/44\/529\/2249024\/snimak.mp4\" target=\"_blank\" rel=\"noopener\">https:\/\/rtcg.me\/upload\/\/media\/2025\/8\/5\/17\/44\/529\/2249024\/snimak.mp4<\/a><\/video><\/div>\n<\/div><figcaption class=\"wp-element-caption\">Video:<strong> RTCG<\/strong><\/figcaption><\/figure>","protected":false},"excerpt":{"rendered":"<p>Ju\u010de su oko 09:15 \u010dasova slu\u017ebenici Odjeljenja bezbjednosti Bar obavije\u0161teni da je u ulici Mila Bo\u0161kovi\u0107a u Baru do\u0161lo do fizi\u010dkog sukoba nekoliko maloljetnih lica, saop\u0161teno je iz Uprave policije.<\/p>","protected":false},"author":1,"featured_media":723226,"comment_status":"open","ping_status":"open","sticky":false,"template":"","format":"standard","meta":{"_acf_changed":false,"footnotes":"","jetpack_publicize_message":"","jetpack_publicize_feature_enabled":true,"jetpack_social_post_already_shared":false,"jetpack_social_options":{"image_generator_settings":{"template":"highway","default_image_id":0,"font":"","enabled":false},"version":2}},"categories":[10],"tags":[162,5310,174,5311,5312,5313],"naslovna":[],"class_list":["post-827743","post","type-post","status-publish","format-standard","has-post-thumbnail","hentry","category-hronika","tag-bar","tag-kvalifikacija","tag-policija","tag-reagovala","tag-tuca-maloljetnika","tag-tuzilac"],"acf":[],"jetpack_publicize_connections":[],"_links":{"self":[{"href":"https:\/\/gradski.me\/en\/wp-json\/wp\/v2\/posts\/827743","targetHints":{"allow":["GET"]}}],"collection":[{"href":"https:\/\/gradski.me\/en\/wp-json\/wp\/v2\/posts"}],"about":[{"href":"https:\/\/gradski.me\/en\/wp-json\/wp\/v2\/types\/post"}],"author":[{"embeddable":true,"href":"https:\/\/gradski.me\/en\/wp-json\/wp\/v2\/users\/1"}],"replies":[{"embeddable":true,"href":"https:\/\/gradski.me\/en\/wp-json\/wp\/v2\/comments?post=827743"}],"version-history":[{"count":0,"href":"https:\/\/gradski.me\/en\/wp-json\/wp\/v2\/posts\/827743\/revisions"}],"wp:featuredmedia":[{"embeddable":true,"href":"https:\/\/gradski.me\/en\/wp-json\/wp\/v2\/media\/723226"}],"wp:attachment":[{"href":"https:\/\/gradski.me\/en\/wp-json\/wp\/v2\/media?parent=827743"}],"wp:term":[{"taxonomy":"category","embeddable":true,"href":"https:\/\/gradski.me\/en\/wp-json\/wp\/v2\/categories?post=827743"},{"taxonomy":"post_tag","embeddable":true,"href":"https:\/\/gradski.me\/en\/wp-json\/wp\/v2\/tags?post=827743"},{"taxonomy":"naslovna","embeddable":true,"href":"https:\/\/gradski.me\/en\/wp-json\/wp\/v2\/naslovna?post=827743"}],"curies":[{"name":"wp","href":"https:\/\/api.w.org\/{rel}","templated":true}]}}