{"id":827487,"date":"2025-09-05T11:50:00","date_gmt":"2025-09-05T09:50:00","guid":{"rendered":"https:\/\/gradski.me\/?p=827487"},"modified":"2025-09-05T11:50:00","modified_gmt":"2025-09-05T09:50:00","slug":"raspisana-javna-nabavka-za-izvodjenje-radova-na-izgradnji-i-rekonstrukciji-saobracajnica-u-canju","status":"publish","type":"post","link":"https:\/\/gradski.me\/en\/ekonomija\/raspisana-javna-nabavka-za-izvodjenje-radova-na-izgradnji-i-rekonstrukciji-saobracajnica-u-canju\/","title":{"rendered":"Raspisana javna nabavka za izvo\u0111enje radova na izgradnji i rekonstrukciji saobra\u0107ajnica u \u010canju"},"content":{"rendered":"<p><\/p>\n\n\n\n<p>\u201cPredmet nabavke obuhvata radove na saobra\u0107ajnici od raskrsnice sa magistralnim putem M-1 do naselja \u010canj, kao i na saobra\u0107ajnici 1 \u2013 II faza, uklju\u010duju\u0107i priklju\u010dne saobra\u0107ajnice u okviru DUP-a \u201c\u010canj II \u201c i DSL-a \u201c\u010canj, sektor 51\u201d\u201d, saop\u0161tilo je MJR.<\/p>\n\n\n\n<p>Kako su kazali, procijenjena vrijednost nabavke, bez PDV-a, iznosi 2.850.000,00 eura.<\/p>\n\n\n\n<p>Otvaranje ponuda zakazano je za 6. oktobar 2025. godine u 10 \u010dasova.<\/p>\n\n\n\n<p>\u201cMinistarstvo javnih radova nastavlja da predano radi na unaprje\u0111enju infrastrukture, osiguravaju\u0107i bolje uslove za sve gra\u0111ane kroz realizaciju projekata od javnog zna\u010daja\u201d, zaklju\u010duju u saop\u0161tenju.<\/p>","protected":false},"excerpt":{"rendered":"<p>Ministarstvo javnih radova mjr raspisalo je javnu nabavku za izvo\u0111enje radova na izgradnji i rekonstrukciji saobra\u0107ajnica u \u010canju.<\/p>","protected":false},"author":1,"featured_media":827488,"comment_status":"open","ping_status":"open","sticky":false,"template":"","format":"standard","meta":{"_acf_changed":false,"footnotes":"","jetpack_publicize_message":"","jetpack_publicize_feature_enabled":true,"jetpack_social_post_already_shared":false,"jetpack_social_options":{"image_generator_settings":{"template":"highway","default_image_id":0,"font":"","enabled":false},"version":2}},"categories":[8],"tags":[1990,805],"naslovna":[],"class_list":["post-827487","post","type-post","status-publish","format-standard","has-post-thumbnail","hentry","category-ekonomija","tag-canj","tag-ministarstvo-javnih-radova"],"acf":[],"jetpack_publicize_connections":[],"_links":{"self":[{"href":"https:\/\/gradski.me\/en\/wp-json\/wp\/v2\/posts\/827487","targetHints":{"allow":["GET"]}}],"collection":[{"href":"https:\/\/gradski.me\/en\/wp-json\/wp\/v2\/posts"}],"about":[{"href":"https:\/\/gradski.me\/en\/wp-json\/wp\/v2\/types\/post"}],"author":[{"embeddable":true,"href":"https:\/\/gradski.me\/en\/wp-json\/wp\/v2\/users\/1"}],"replies":[{"embeddable":true,"href":"https:\/\/gradski.me\/en\/wp-json\/wp\/v2\/comments?post=827487"}],"version-history":[{"count":0,"href":"https:\/\/gradski.me\/en\/wp-json\/wp\/v2\/posts\/827487\/revisions"}],"wp:featuredmedia":[{"embeddable":true,"href":"https:\/\/gradski.me\/en\/wp-json\/wp\/v2\/media\/827488"}],"wp:attachment":[{"href":"https:\/\/gradski.me\/en\/wp-json\/wp\/v2\/media?parent=827487"}],"wp:term":[{"taxonomy":"category","embeddable":true,"href":"https:\/\/gradski.me\/en\/wp-json\/wp\/v2\/categories?post=827487"},{"taxonomy":"post_tag","embeddable":true,"href":"https:\/\/gradski.me\/en\/wp-json\/wp\/v2\/tags?post=827487"},{"taxonomy":"naslovna","embeddable":true,"href":"https:\/\/gradski.me\/en\/wp-json\/wp\/v2\/naslovna?post=827487"}],"curies":[{"name":"wp","href":"https:\/\/api.w.org\/{rel}","templated":true}]}}