{"id":827363,"date":"2025-09-05T08:08:00","date_gmt":"2025-09-05T06:08:00","guid":{"rendered":"https:\/\/gradski.me\/?p=827363"},"modified":"2025-09-05T08:08:00","modified_gmt":"2025-09-05T06:08:00","slug":"vise-ulica-u-centru-podgorice-danas-zatvoreno-za-saobracaj","status":"publish","type":"post","link":"https:\/\/gradski.me\/en\/podgorica\/vise-ulica-u-centru-podgorice-danas-zatvoreno-za-saobracaj\/","title":{"rendered":"Vi\u0161e ulica u centru Podgorice danas zatvoreno za saobra\u0107aj"},"content":{"rendered":"<p>Na gradskom stadionu \u201ePod Goricom\u201c u Podgorici danas \u0107e od 20.45 \u010dasova biti odigrana me\u0111unarodna fudbalska utakmica izme\u0111u reprezentacija Crne Gore i \u010ce\u0161ke, u sklopu kvalifikacija za Svjetsko prvenstvo u fudbalu 2026.<\/p>\n\n\n\n<p>Zbog odr\u017eavanja me\u010da, policija je najavila obustavu saobra\u0107aja u u\u017eem centru grada.<\/p>\n\n\n\n<p>Prema zvani\u010dnom saop\u0161tenju Uprave policije, ulice Bal\u0161i\u0107a (od Trga Bal\u0161i\u0107a do Bulevara Ivana Crnojevi\u0107a), Trg Bal\u0161i\u0107a, Novaka Milo\u0161eva (od ulice Slobode do ulice Marka Miljanova) i Vu\u010dedolska (od ulice Slobode do ulice Marka Miljanova) bi\u0107e zatvorene od 12 \u010dasova. Dodatno, ulica 19. decembra bi\u0107e zatvorena od 15.00 \u010dasova.<\/p>\n\n\n\n<p>\u201eRadi odr\u017eavanja stabilnog javnog reda i mira, molimo gra\u0111ane za razumijevanje i saradnju. Tako\u0111e, apelujemo na vlasnike vozila da uklone automobile sa navedenih lokacija\u201c, poru\u010dili su iz Uprave policije.<\/p>\n\n\n\n<p>Organizatori o\u010dekuju veliku posjetu i isti\u010du da \u0107e sve mjere biti sprovedene u cilju bezbjednog i nesmetanog odr\u017eavanja kvalifikacionog duela.<\/p>","protected":false},"excerpt":{"rendered":"<p>Na gradskom stadionu \u201ePod Goricom\u201c u Podgorici danas \u0107e od 20.45 \u010dasova biti odigrana me\u0111unarodna fudbalska utakmica izme\u0111u reprezentacija Crne Gore i \u010ce\u0161ke, u sklopu kvalifikacija za Svjetsko prvenstvo u fudbalu 2026. Zbog odr\u017eavanja me\u010da, policija je najavila obustavu saobra\u0107aja u u\u017eem centru grada. Prema zvani\u010dnom saop\u0161tenju Uprave policije, ulice Bal\u0161i\u0107a (od Trga Bal\u0161i\u0107a do [&hellip;]<\/p>\n","protected":false},"author":1,"featured_media":497875,"comment_status":"open","ping_status":"open","sticky":false,"template":"","format":"standard","meta":{"_acf_changed":false,"footnotes":"","jetpack_publicize_message":"","jetpack_publicize_feature_enabled":true,"jetpack_social_post_already_shared":false,"jetpack_social_options":{"image_generator_settings":{"template":"highway","default_image_id":0,"font":"","enabled":false},"version":2}},"categories":[6],"tags":[5233,5234,5156],"naslovna":[],"class_list":["post-827363","post","type-post","status-publish","format-standard","has-post-thumbnail","hentry","category-podgorica","tag-centar","tag-ulica","tag-utakmica"],"acf":[],"jetpack_publicize_connections":[],"_links":{"self":[{"href":"https:\/\/gradski.me\/en\/wp-json\/wp\/v2\/posts\/827363","targetHints":{"allow":["GET"]}}],"collection":[{"href":"https:\/\/gradski.me\/en\/wp-json\/wp\/v2\/posts"}],"about":[{"href":"https:\/\/gradski.me\/en\/wp-json\/wp\/v2\/types\/post"}],"author":[{"embeddable":true,"href":"https:\/\/gradski.me\/en\/wp-json\/wp\/v2\/users\/1"}],"replies":[{"embeddable":true,"href":"https:\/\/gradski.me\/en\/wp-json\/wp\/v2\/comments?post=827363"}],"version-history":[{"count":0,"href":"https:\/\/gradski.me\/en\/wp-json\/wp\/v2\/posts\/827363\/revisions"}],"wp:featuredmedia":[{"embeddable":true,"href":"https:\/\/gradski.me\/en\/wp-json\/wp\/v2\/media\/497875"}],"wp:attachment":[{"href":"https:\/\/gradski.me\/en\/wp-json\/wp\/v2\/media?parent=827363"}],"wp:term":[{"taxonomy":"category","embeddable":true,"href":"https:\/\/gradski.me\/en\/wp-json\/wp\/v2\/categories?post=827363"},{"taxonomy":"post_tag","embeddable":true,"href":"https:\/\/gradski.me\/en\/wp-json\/wp\/v2\/tags?post=827363"},{"taxonomy":"naslovna","embeddable":true,"href":"https:\/\/gradski.me\/en\/wp-json\/wp\/v2\/naslovna?post=827363"}],"curies":[{"name":"wp","href":"https:\/\/api.w.org\/{rel}","templated":true}]}}