{"id":827265,"date":"2025-09-04T20:42:22","date_gmt":"2025-09-04T18:42:22","guid":{"rendered":"https:\/\/gradski.me\/?p=827265"},"modified":"2026-03-11T13:49:14","modified_gmt":"2026-03-11T12:49:14","slug":"lancani-sudar-u-zagoricu-nema-povrijedjenih","status":"publish","type":"post","link":"https:\/\/gradski.me\/en\/hronika\/lancani-sudar-u-zagoricu-nema-povrijedjenih\/","title":{"rendered":"Lan\u010dani sudar u Zagori\u010du, nema povrije\u0111enih"},"content":{"rendered":"<p>Policija je do\u0161la vrlo brzo na lice mjesta i reguli\u0161e saobra\u0107aj.<\/p>\n\n\n\n<p>Prema informacijama nema povrije\u0111enih. <\/p>","protected":false},"excerpt":{"rendered":"<p>U Ulici Drugog crnogorskog bataljona prema naselju Zagori\u010d do\u0161lo je do lan\u010danog sudara u kojem je u\u010destvovalo troje vozila.<\/p>","protected":false},"author":1,"featured_media":827266,"comment_status":"open","ping_status":"open","sticky":false,"template":"","format":"standard","meta":{"_acf_changed":false,"footnotes":"","jetpack_publicize_message":"","jetpack_publicize_feature_enabled":true,"jetpack_social_post_already_shared":false,"jetpack_social_options":{"image_generator_settings":{"template":"highway","default_image_id":0,"font":"","enabled":false},"version":2}},"categories":[10],"tags":[2464,1374,1731],"naslovna":[],"class_list":["post-827265","post","type-post","status-publish","format-standard","has-post-thumbnail","hentry","category-hronika","tag-automobil","tag-udes","tag-zagoric"],"acf":[],"jetpack_publicize_connections":[],"_links":{"self":[{"href":"https:\/\/gradski.me\/en\/wp-json\/wp\/v2\/posts\/827265","targetHints":{"allow":["GET"]}}],"collection":[{"href":"https:\/\/gradski.me\/en\/wp-json\/wp\/v2\/posts"}],"about":[{"href":"https:\/\/gradski.me\/en\/wp-json\/wp\/v2\/types\/post"}],"author":[{"embeddable":true,"href":"https:\/\/gradski.me\/en\/wp-json\/wp\/v2\/users\/1"}],"replies":[{"embeddable":true,"href":"https:\/\/gradski.me\/en\/wp-json\/wp\/v2\/comments?post=827265"}],"version-history":[{"count":1,"href":"https:\/\/gradski.me\/en\/wp-json\/wp\/v2\/posts\/827265\/revisions"}],"predecessor-version":[{"id":912969,"href":"https:\/\/gradski.me\/en\/wp-json\/wp\/v2\/posts\/827265\/revisions\/912969"}],"wp:featuredmedia":[{"embeddable":true,"href":"https:\/\/gradski.me\/en\/wp-json\/wp\/v2\/media\/827266"}],"wp:attachment":[{"href":"https:\/\/gradski.me\/en\/wp-json\/wp\/v2\/media?parent=827265"}],"wp:term":[{"taxonomy":"category","embeddable":true,"href":"https:\/\/gradski.me\/en\/wp-json\/wp\/v2\/categories?post=827265"},{"taxonomy":"post_tag","embeddable":true,"href":"https:\/\/gradski.me\/en\/wp-json\/wp\/v2\/tags?post=827265"},{"taxonomy":"naslovna","embeddable":true,"href":"https:\/\/gradski.me\/en\/wp-json\/wp\/v2\/naslovna?post=827265"}],"curies":[{"name":"wp","href":"https:\/\/api.w.org\/{rel}","templated":true}]}}