{"id":826994,"date":"2025-09-04T14:50:00","date_gmt":"2025-09-04T12:50:00","guid":{"rendered":"https:\/\/gradski.me\/?p=826994"},"modified":"2026-03-11T13:51:46","modified_gmt":"2026-03-11T12:51:46","slug":"zbog-utakmice-crna-gora-ceska-sjutra-od-1200-zatvaranje-ulica-u-centru-grada","status":"publish","type":"post","link":"https:\/\/gradski.me\/en\/hronika\/zbog-utakmice-crna-gora-ceska-sjutra-od-1200-zatvaranje-ulica-u-centru-grada\/","title":{"rendered":"Zbog utakmice Crna Gora \u010ce\u0161ka sjutra od 12:00 zatvaranje ulica u centru grada"},"content":{"rendered":"<p><\/p>\n\n\n\n<p>S tim u vezi, radi odr\u017eavanja stabilnog javnog reda i mira, od 12.00 \u010dasova 5. septembra \u0107e za saobra\u0107aj biti zatvorene sljede\u0107e ulice:<\/p>\n\n\n\n<p>Ulica Bal\u0161i\u0107a (od Trga Bal\u0161i\u0107a do Bulevara Ivana Crnojevi\u0107a), Trg Bal\u0161i\u0107a, ulica Novaka Milo\u0161eva (od ulice Slobode do ulice Marka Miljanova), ulica Vu\u010dedolska (od ulice Slobode do ulice Marka Miljanova), dok \u0107e ulica 19. decembra biti zatvorena za saobra\u0107aj od 15.00 \u010dasova.&nbsp;<\/p>\n\n\n\n<p>&#8220;Shodno tome, molimo gra\u0111ane da uklone parkirana vozila sa navedenih pozicija&#8220;, zaklju\u010duju iz Uprave policije.<\/p>","protected":false},"excerpt":{"rendered":"<p>Na gradskom stadionu \u201ePod Goricom\u201c u Podgorici \u0107e se 5. septembra 2025. godine u 20.45 \u010dasova odigrati me\u0111unarodna fudbalska utakmica u sklopu kvalifikacija &#8222;2026 FIFA World Cup&#8220; izme\u0111u &#8222;A&#8220; reprezentacija Crne Gore i \u010ce\u0161ke, saop\u0161teno je iz Uprave policije.<\/p>","protected":false},"author":1,"featured_media":0,"comment_status":"open","ping_status":"open","sticky":false,"template":"","format":"standard","meta":{"_acf_changed":false,"footnotes":"","jetpack_publicize_message":"","jetpack_publicize_feature_enabled":true,"jetpack_social_post_already_shared":false,"jetpack_social_options":{"image_generator_settings":{"template":"highway","default_image_id":0,"font":"","enabled":false},"version":2}},"categories":[10],"tags":[5154,5155,5156,5157],"naslovna":[],"class_list":["post-826994","post","type-post","status-publish","format-standard","hentry","category-hronika","tag-centar-grada","tag-crna-gora-ceska","tag-utakmica","tag-zatvaranje-ulica"],"acf":[],"jetpack_publicize_connections":[],"_links":{"self":[{"href":"https:\/\/gradski.me\/en\/wp-json\/wp\/v2\/posts\/826994","targetHints":{"allow":["GET"]}}],"collection":[{"href":"https:\/\/gradski.me\/en\/wp-json\/wp\/v2\/posts"}],"about":[{"href":"https:\/\/gradski.me\/en\/wp-json\/wp\/v2\/types\/post"}],"author":[{"embeddable":true,"href":"https:\/\/gradski.me\/en\/wp-json\/wp\/v2\/users\/1"}],"replies":[{"embeddable":true,"href":"https:\/\/gradski.me\/en\/wp-json\/wp\/v2\/comments?post=826994"}],"version-history":[{"count":1,"href":"https:\/\/gradski.me\/en\/wp-json\/wp\/v2\/posts\/826994\/revisions"}],"predecessor-version":[{"id":912979,"href":"https:\/\/gradski.me\/en\/wp-json\/wp\/v2\/posts\/826994\/revisions\/912979"}],"wp:attachment":[{"href":"https:\/\/gradski.me\/en\/wp-json\/wp\/v2\/media?parent=826994"}],"wp:term":[{"taxonomy":"category","embeddable":true,"href":"https:\/\/gradski.me\/en\/wp-json\/wp\/v2\/categories?post=826994"},{"taxonomy":"post_tag","embeddable":true,"href":"https:\/\/gradski.me\/en\/wp-json\/wp\/v2\/tags?post=826994"},{"taxonomy":"naslovna","embeddable":true,"href":"https:\/\/gradski.me\/en\/wp-json\/wp\/v2\/naslovna?post=826994"}],"curies":[{"name":"wp","href":"https:\/\/api.w.org\/{rel}","templated":true}]}}