{"id":826700,"date":"2025-09-04T10:37:00","date_gmt":"2025-09-04T08:37:00","guid":{"rendered":"https:\/\/gradski.me\/?p=826700"},"modified":"2025-09-04T10:37:00","modified_gmt":"2025-09-04T08:37:00","slug":"u-lisabonu-proglasena-trodnevna-zalost","status":"publish","type":"post","link":"https:\/\/gradski.me\/en\/svijet\/u-lisabonu-proglasena-trodnevna-zalost\/","title":{"rendered":"U Lisabonu progla\u0161ena trodnevna \u017ealost"},"content":{"rendered":"<p><\/p>\n\n\n\n<p>Jo\u0161 18 osoba je prevezeno u bolnicu, od kojih je pet u te\u0161kom stanju, potvrdile su hitne slu\u017ebe.<\/p>\n\n\n\n<p>Vlasti su izvijestile da je me\u0111u poginulima u nesre\u0107i, koja se dogodila 3. septembra oko 18 sati po lokalnom vremenu, bilo i stranih dr\u017eavljana, ali njihove nacionalnosti jo\u0161 nijesu potvr\u0111ene.<\/p>\n\n\n\n<p>Gradona\u010delnik Lisabona<strong>&nbsp;Karlos Moedas<\/strong>&nbsp;je posjetio bolnicu i nesre\u0107u nazvao \u201ctragi\u010dnim trenutkom za grad\u201d.<\/p>\n\n\n\n<p>Predsjednik zemlje&nbsp;<strong>Marselo Rebelo de Sousa<\/strong>&nbsp;je izrazio sau\u010de\u0161\u0107e porodicama \u201ckoje je pogodila ova tragedija\u201d.<\/p>\n\n\n\n<p>Policija i hitne slu\u017ebe su provele sate na mjestu doga\u0111aja, a pokrenuto je nekoliko istraga o uzroku nesre\u0107e.<\/p>\n\n\n\n<p>Istragu sprovode kompanija koja upravlja uspinja\u010dom, nacionalna uprava zabezbjednost saobra\u0107aja i kriminalisti\u010dka policija.<\/p>\n\n\n\n<p>Iz lisabonskog javnog prevoznika Karis poru\u010dili su kako su na uspinja\u010di obavljeni svi redovni pregledi i provjere.<\/p>\n\n\n\n<p>Uprkos redovnim provjerama, izjave o\u010devidaca upu\u0107uju na to da je sistem za ko\u010denje otkazao, zbog \u010dega se uspinja\u010da nekontrolisano sjurila niz strmu ulicu i zabila u zgradu.<\/p>\n\n\n\n<p>Nekoliko ljudi je ostalo zarobljeno u olupini te su ih spasioci morali osloba\u0111ati.<\/p>\n\n\n\n<figure class=\"wp-block-image size-large\"><img fetchpriority=\"high\" decoding=\"async\" width=\"1024\" height=\"683\" src=\"https:\/\/new.gradski.me\/wp-content\/uploads\/2025\/09\/2023453-1024x683.jpg\" alt=\"\" class=\"wp-image-826712\" title=\"\" srcset=\"https:\/\/gradski.me\/wp-content\/uploads\/2025\/09\/2023453-1024x683.jpg 1024w, https:\/\/gradski.me\/wp-content\/uploads\/2025\/09\/2023453-300x200.jpg 300w, https:\/\/gradski.me\/wp-content\/uploads\/2025\/09\/2023453-768x512.jpg 768w, https:\/\/gradski.me\/wp-content\/uploads\/2025\/09\/2023453-1536x1024.jpg 1536w, https:\/\/gradski.me\/wp-content\/uploads\/2025\/09\/2023453.jpg 1920w\" sizes=\"(max-width: 1024px) 100vw, 1024px\" \/><figcaption class=\"wp-element-caption\">photo: AP<\/figcaption><\/figure>\n\n\n\n<p>Snimci na dru\u0161tvenim mre\u017eama prikazuju jarko \u017eutu uspinja\u010du prevrnutu i uni\u0161tenu. Uspinja\u010da Gloria je jedna od najpoznatijih znamenitosti Lisabona. Njena \u010duvena \u017euta vozila klju\u010dan su dio prevoza u brdovitom dijelu prijestonice.<\/p>\n\n\n\n<p>Ruta na kojoj se dogodila nesre\u0107a duga je oko 275 metara i povezuje trg Restauradores sa Bairro Altom. Iako je koriste i lokalni stanovnici, veoma je popularna me\u0111u turistima.<\/p>\n\n\n\n<p>Na nesre\u0107u su reagovali i evropski \u010delnici. Predsjednica Evropske komisije&nbsp;<strong>Ursula von der Lajen<\/strong>&nbsp;izrazila je sau\u010de\u0161\u0107e porodicama \u017ertava, dok je premijer \u0160panije<strong>&nbsp;Pedro Sanchez<\/strong>&nbsp;poru\u010dio da je \u201cu\u017easnut stra\u0161nom nesre\u0107om\u201d.<\/p>\n\n\n\n<figure class=\"wp-block-image size-large\"><img decoding=\"async\" width=\"1024\" height=\"683\" src=\"https:\/\/new.gradski.me\/wp-content\/uploads\/2025\/09\/2023455-1024x683.jpg\" alt=\"\" class=\"wp-image-826702\" title=\"\" srcset=\"https:\/\/gradski.me\/wp-content\/uploads\/2025\/09\/2023455-1024x683.jpg 1024w, https:\/\/gradski.me\/wp-content\/uploads\/2025\/09\/2023455-300x200.jpg 300w, https:\/\/gradski.me\/wp-content\/uploads\/2025\/09\/2023455-768x512.jpg 768w, https:\/\/gradski.me\/wp-content\/uploads\/2025\/09\/2023455-1536x1024.jpg 1536w, https:\/\/gradski.me\/wp-content\/uploads\/2025\/09\/2023455.jpg 1920w\" sizes=\"(max-width: 1024px) 100vw, 1024px\" \/><figcaption class=\"wp-element-caption\">photo: AP<\/figcaption><\/figure>\n\n\n\n<p><\/p>\n\n\n\n<p><\/p>","protected":false},"excerpt":{"rendered":"<p>U Portugalu je 4. septembra dan \u017ealosti nakon \u0161to je 15 osoba poginulo u iskakanju iz \u0161ina 140 godina stare uspinja\u010de Gloria, jedne od glavnih turisti\u010dkih atrakcija u prijestolnici Lisabonu, prenosi Radio Slobodna Evropa RSE.<\/p>","protected":false},"author":1,"featured_media":826701,"comment_status":"open","ping_status":"open","sticky":false,"template":"","format":"standard","meta":{"_acf_changed":false,"footnotes":"","jetpack_publicize_message":"","jetpack_publicize_feature_enabled":true,"jetpack_social_post_already_shared":false,"jetpack_social_options":{"image_generator_settings":{"template":"highway","default_image_id":0,"font":"","enabled":false},"version":2}},"categories":[14],"tags":[2281,5070,3764],"naslovna":[],"class_list":["post-826700","post","type-post","status-publish","format-standard","has-post-thumbnail","hentry","category-svijet","tag-dan-zalosti","tag-lisabon","tag-portugal"],"acf":[],"jetpack_publicize_connections":[],"_links":{"self":[{"href":"https:\/\/gradski.me\/en\/wp-json\/wp\/v2\/posts\/826700","targetHints":{"allow":["GET"]}}],"collection":[{"href":"https:\/\/gradski.me\/en\/wp-json\/wp\/v2\/posts"}],"about":[{"href":"https:\/\/gradski.me\/en\/wp-json\/wp\/v2\/types\/post"}],"author":[{"embeddable":true,"href":"https:\/\/gradski.me\/en\/wp-json\/wp\/v2\/users\/1"}],"replies":[{"embeddable":true,"href":"https:\/\/gradski.me\/en\/wp-json\/wp\/v2\/comments?post=826700"}],"version-history":[{"count":0,"href":"https:\/\/gradski.me\/en\/wp-json\/wp\/v2\/posts\/826700\/revisions"}],"wp:featuredmedia":[{"embeddable":true,"href":"https:\/\/gradski.me\/en\/wp-json\/wp\/v2\/media\/826701"}],"wp:attachment":[{"href":"https:\/\/gradski.me\/en\/wp-json\/wp\/v2\/media?parent=826700"}],"wp:term":[{"taxonomy":"category","embeddable":true,"href":"https:\/\/gradski.me\/en\/wp-json\/wp\/v2\/categories?post=826700"},{"taxonomy":"post_tag","embeddable":true,"href":"https:\/\/gradski.me\/en\/wp-json\/wp\/v2\/tags?post=826700"},{"taxonomy":"naslovna","embeddable":true,"href":"https:\/\/gradski.me\/en\/wp-json\/wp\/v2\/naslovna?post=826700"}],"curies":[{"name":"wp","href":"https:\/\/api.w.org\/{rel}","templated":true}]}}