{"id":824540,"date":"2025-09-01T10:16:41","date_gmt":"2025-09-01T08:16:41","guid":{"rendered":"https:\/\/gradski.me\/?p=824483"},"modified":"2025-09-01T10:16:41","modified_gmt":"2025-09-01T08:16:41","slug":"scekic-cestitao-djeci-pocetak-skolske-godine","status":"publish","type":"post","link":"https:\/\/gradski.me\/en\/drustvo\/scekic-cestitao-djeci-pocetak-skolske-godine\/","title":{"rendered":"\u0160\u0107eki\u0107 \u010destitao po\u010detak \u0161kolske godine"},"content":{"rendered":"<p><\/p>\n\n\n\n<p>&#8222;Nova \u0161kolska godina donosi radost i o\u010dekivanja, ali i priliku da djeca sti\u010du znanja, razvijaju talente i njeguju prijateljstva koja ih prate kroz \u017eivot. Zato je va\u017eno da svi njegujemo duh zajedni\u0161tva, uzajamnog po\u0161tovanja i me\u0111usobne podr\u0161ke. Ohrabrujemo mlade da budu aktivni, da se uklju\u010de u \u0161kolske i dru\u0161tvene aktivnosti, te da prepoznaju i slobodno izraze svoje potencijale. Samo tako mo\u017eemo graditi odgovorne, kreativne i solidarne generacije. \u0160kola treba da bude mjesto sigurnosti i povjerenja, gdje nema mjesta nasilju, osudi i isklju\u010divanju. Na svima nama \u2013 i djeci i roditeljima \u2013 je da \u010duvamo jedni druge i da potra\u017eimo pomo\u0107 kada je potrebna. Ministarstvo sporta i mladih nastavi\u0107e da ula\u017ee napore kako bi mladi imali \u0161to bolje uslove za u\u010denje, razvoj i zdravo odrastanje. Svima \u017eelim sre\u0107an i uspje\u0161an po\u010detak \u0161kolske godine&#8220;, kazali su u saop\u0161tenju.<\/p>","protected":false},"excerpt":{"rendered":"<p>Povodom po\u010detka nove \u0161kolske godine, Dragoslav \u0160\u0107eki\u0107, ministar sporta i mladih i predsjednik Savjeta za prava djeteta, upu\u0107uje \u010destitke svim u\u010denicima, njihovim roditeljima, nastavnicima i profesorima. <\/p>","protected":false},"author":1,"featured_media":768772,"comment_status":"open","ping_status":"open","sticky":false,"template":"","format":"standard","meta":{"_acf_changed":false,"footnotes":"","jetpack_publicize_message":"","jetpack_publicize_feature_enabled":true,"jetpack_social_post_already_shared":false,"jetpack_social_options":{"image_generator_settings":{"template":"highway","default_image_id":0,"font":"","enabled":false},"version":2}},"categories":[9],"tags":[3545,2921],"naslovna":[],"class_list":["post-824540","post","type-post","status-publish","format-standard","has-post-thumbnail","hentry","category-drustvo","tag-scekic-2","tag-skola-3"],"acf":[],"jetpack_publicize_connections":[],"_links":{"self":[{"href":"https:\/\/gradski.me\/en\/wp-json\/wp\/v2\/posts\/824540","targetHints":{"allow":["GET"]}}],"collection":[{"href":"https:\/\/gradski.me\/en\/wp-json\/wp\/v2\/posts"}],"about":[{"href":"https:\/\/gradski.me\/en\/wp-json\/wp\/v2\/types\/post"}],"author":[{"embeddable":true,"href":"https:\/\/gradski.me\/en\/wp-json\/wp\/v2\/users\/1"}],"replies":[{"embeddable":true,"href":"https:\/\/gradski.me\/en\/wp-json\/wp\/v2\/comments?post=824540"}],"version-history":[{"count":0,"href":"https:\/\/gradski.me\/en\/wp-json\/wp\/v2\/posts\/824540\/revisions"}],"wp:featuredmedia":[{"embeddable":true,"href":"https:\/\/gradski.me\/en\/wp-json\/wp\/v2\/media\/768772"}],"wp:attachment":[{"href":"https:\/\/gradski.me\/en\/wp-json\/wp\/v2\/media?parent=824540"}],"wp:term":[{"taxonomy":"category","embeddable":true,"href":"https:\/\/gradski.me\/en\/wp-json\/wp\/v2\/categories?post=824540"},{"taxonomy":"post_tag","embeddable":true,"href":"https:\/\/gradski.me\/en\/wp-json\/wp\/v2\/tags?post=824540"},{"taxonomy":"naslovna","embeddable":true,"href":"https:\/\/gradski.me\/en\/wp-json\/wp\/v2\/naslovna?post=824540"}],"curies":[{"name":"wp","href":"https:\/\/api.w.org\/{rel}","templated":true}]}}