{"id":824077,"date":"2025-08-31T13:03:00","date_gmt":"2025-08-31T11:03:00","guid":{"rendered":"https:\/\/gradski.me\/?p=824077"},"modified":"2025-08-31T13:03:00","modified_gmt":"2025-08-31T11:03:00","slug":"bez-adekvatnih-mjera-rast-cijena-nezaustavljiv","status":"publish","type":"post","link":"https:\/\/gradski.me\/en\/ekonomija\/bez-adekvatnih-mjera-rast-cijena-nezaustavljiv\/","title":{"rendered":"Bez adekvatnih mjera rast cijena nezaustavljiv"},"content":{"rendered":"<p>Inflacija na kraju jula prema podacima Monstata je 4,5% i to je o\u010dekivano, ocjenjuje ekonomski analiti\u010dar Mirza Mula\u0161kovi\u0107, jer je, kako obrazla\u017ee, rast cijena predvi\u0111en fiskalnom strategijom.<\/p>\n\n\n\n<p>&#8222;Ono \u0161to je definitivno da mi u prethodne tri godine nismo imali adekvatne mjere za suzbijanje rasta cijena u Crnoj Gori, ve\u0107 smo imali \u010detiri katalo\u0161ke akcije, a druge mjere su bile uglavnom inflatorne mjere, a to je pove\u0107anje odre\u0111enih davanja, a kad imate pove\u0107anje koli\u010dine novca u opticaju, dolazi i do rasta cijena&#8220;, istakao je Mule\u0161kovi\u0107.<\/p>\n\n\n\n<p>To \u0161to je u Eurozoni inflacija ispod 2 odsto, a kod nas dvostruko vi\u0161a, posljedica je, tvrdi Mule\u0161kovi\u0107, unutra\u0161njih prilika, konkretno, pove\u0107anja zarada.<\/p>\n\n\n\n<p>&#8222;Kad god imate pove\u0107anje zarada administrativnim putem, a ne stvaranjem ekonomske aktivnosti, kroz pove\u0107anje produktivnosti, dolazi do rasta cijena&#8220;, ka\u017ee on.<\/p>\n\n\n\n<p>Na\u0161 sagovornik smatra da \u0107e se sada\u0161nja kretanja inflacije nastaviti i do kraja godine.<\/p>\n\n\n\n<p>&#8222;A u zavisnosti od toga kakva \u0107e nam biti turisti\u010dka sezona i kakvi \u0107e nam biti prihodi, nastavi\u0107e vjerovatno i da raste inflacija u Crnoj Gori&#8220;, istakao je on.<\/p>\n\n\n\n<p>Mula\u0161kovi\u0107 se nada da Vlada ne\u0107e pribje\u0107i mjerama kako je bilo pro\u0161le godine kada je uve\u0107ala PDV u turizmu, naknade za komunalne usluge, ali i akcize.<\/p>\n\n\n\n<p>&#8222;Na\u0161 populizam u jednom trenutku do\u0111e na naplatu. \u010cini mi se da je sad krenuo taj trenutak da \u0107e im &#8222;na nos iza\u0107i&#8220; sve one populisti\u010dke mjere&#8220;, ocjenjuje.<\/p>\n\n\n\n<p>Mula\u0161kovi\u0107 je saop\u0161tio i to da je na ve\u0107u inflaciju uticala i poja\u010dana kreditna aktivnost, pa je u opticaju bilo vi\u0161e novca, a posljedica, zaklju\u010duje, rast cijena.<\/p>","protected":false},"excerpt":{"rendered":"<p>Desilo se ono \u0161to se i o\u010dekivalo, pa je inflacija kod nas dvostruko vi\u0161a nego u eurozoni. Ocijenio je za na\u0161 radio ekonomski analiti\u010dar Mirza Mula\u0161kovi\u0107. Poru\u010dio je da populisti\u010dke mjere poput uve\u0107anja zarada sada sti\u017eu na naplatu. Dalje kretanje inflacije, ka\u017ee, zavisi\u0107e od prihoda u turizmu, jer kako isti\u010de, ako i zaostanu planirani, pribje\u0107i \u0107e se pove\u0107anju poreza, akciza i drugih nameta. <\/p>","protected":false},"author":1,"featured_media":639334,"comment_status":"open","ping_status":"open","sticky":false,"template":"","format":"standard","meta":{"_acf_changed":false,"footnotes":"","jetpack_publicize_message":"","jetpack_publicize_feature_enabled":true,"jetpack_social_post_already_shared":false,"jetpack_social_options":{"image_generator_settings":{"template":"highway","default_image_id":0,"font":"","enabled":false},"version":2}},"categories":[8],"tags":[1405,188,3446,4704],"naslovna":[],"class_list":["post-824077","post","type-post","status-publish","format-standard","has-post-thumbnail","hentry","category-ekonomija","tag-cijene","tag-crna-gora","tag-ekonomija","tag-rast-cijena"],"acf":[],"jetpack_publicize_connections":[],"_links":{"self":[{"href":"https:\/\/gradski.me\/en\/wp-json\/wp\/v2\/posts\/824077","targetHints":{"allow":["GET"]}}],"collection":[{"href":"https:\/\/gradski.me\/en\/wp-json\/wp\/v2\/posts"}],"about":[{"href":"https:\/\/gradski.me\/en\/wp-json\/wp\/v2\/types\/post"}],"author":[{"embeddable":true,"href":"https:\/\/gradski.me\/en\/wp-json\/wp\/v2\/users\/1"}],"replies":[{"embeddable":true,"href":"https:\/\/gradski.me\/en\/wp-json\/wp\/v2\/comments?post=824077"}],"version-history":[{"count":0,"href":"https:\/\/gradski.me\/en\/wp-json\/wp\/v2\/posts\/824077\/revisions"}],"wp:featuredmedia":[{"embeddable":true,"href":"https:\/\/gradski.me\/en\/wp-json\/wp\/v2\/media\/639334"}],"wp:attachment":[{"href":"https:\/\/gradski.me\/en\/wp-json\/wp\/v2\/media?parent=824077"}],"wp:term":[{"taxonomy":"category","embeddable":true,"href":"https:\/\/gradski.me\/en\/wp-json\/wp\/v2\/categories?post=824077"},{"taxonomy":"post_tag","embeddable":true,"href":"https:\/\/gradski.me\/en\/wp-json\/wp\/v2\/tags?post=824077"},{"taxonomy":"naslovna","embeddable":true,"href":"https:\/\/gradski.me\/en\/wp-json\/wp\/v2\/naslovna?post=824077"}],"curies":[{"name":"wp","href":"https:\/\/api.w.org\/{rel}","templated":true}]}}