{"id":824057,"date":"2025-08-31T12:49:00","date_gmt":"2025-08-31T10:49:00","guid":{"rendered":"https:\/\/gradski.me\/?p=824057"},"modified":"2025-08-31T12:49:00","modified_gmt":"2025-08-31T10:49:00","slug":"odlazak-legende-buducnosti-preminuo-savo-maco-rogosic","status":"publish","type":"post","link":"https:\/\/gradski.me\/en\/sport\/odlazak-legende-buducnosti-preminuo-savo-maco-rogosic\/","title":{"rendered":"Odlazak legende Budu\u0107nosti \u2013 preminuo Savo Maco Rogo\u0161i\u0107"},"content":{"rendered":"<p>Kao fudbaler, deset godina je nosio dres podgori\u010dkog tim, od 1968. do 1978. godine, pokrivaju\u0107i pozicije u veznom redu.<\/p>\n\n\n\n<p>Nakon Budu\u0107nosti, kratko je nastupao za Merkator iz Ljubljane.<\/p>\n\n\n\n<p>Po zavr\u0161etku igra\u010dke karijere, radio je sa mla\u0111im kategorijama Budu\u0107nosti, a posebno \u0107e ostati upam\u0107en kao trener slavne generacije omladinaca koja je osvojila posljednji Omladinski kup SFR Jugoslavije, pobijediv\u0161i Rijeku u finalu.<\/p>\n\n\n\n<p>\u201eBio je sinonim za vjernost \u2013 ra\u010dunaju\u0107i mla\u0111e kategorije, u Budu\u0107nosti je proveo ta\u010dno 53 godine, od \u010dega 42 kao prvotimac i trener. Pro\u0161ao je sve \u0161to je prolazila na\u0161a Budu\u0107nost kroz ponosnu istoriju \u2013 od \u010duvenih bara\u017ea za Prvu ligu, ulaska u elitu, do finala Kupa 1977.Sve je to podnosio dostojanstveno, kao pravi podgori\u010dki gospodin. Bio je ogledalo Budu\u0107nosti i Podgorice. Danas smo, na\u017ealost, ostali bez velikana plavo-bijele porodice \u2013 Sava Mace Rogo\u0161i\u0107a\u201c, naveli su iz podgori\u010dkog kluba.<\/p>\n\n\n\n<p>&#8222;Macova zaostav\u0161tina kao igra\u010da je ogromna, ali ona kao trenera, prije svega mla\u0111ih kategorija, je nemjerljiva. Bio je u\u010ditelj, prijatelj, pedagog\u2026 Veliki broj fudbalera pro\u0161ao je kroz njegove ruke, a posebno se ponosio posljednjim omladinskim Kupom Mar\u0161ala Tita 1991. godine, kada je sa \u2019svojom djecom\u2019 savladao Rijeku poslije penala. \u0160ta drugo da ka\u017eem \u2013 Budu\u0107nost je moja porodica. A mla\u0111i moraju da znaju da je Budu\u0107nost uvijek bila i da \u0107e uvijek biti \u2013 veliki klub. \u010cika Maco, hvala na svemu\u201c, kazali su iz Budu\u0107nosti.<\/p>","protected":false},"excerpt":{"rendered":"<p>Proslavljeni fudbaler podgori\u010dke Budu\u0107nosti, igra\u010d koji je gotovo cijelu karijeru posvetio &#8222;plavo-bijelima&#8220;, Savo Maco Rogo\u0161i\u0107 preminuo je danas u 75. godini \u017eivota. <\/p>","protected":false},"author":1,"featured_media":824058,"comment_status":"open","ping_status":"open","sticky":false,"template":"","format":"standard","meta":{"_acf_changed":false,"footnotes":"","jetpack_publicize_message":"","jetpack_publicize_feature_enabled":true,"jetpack_social_post_already_shared":false,"jetpack_social_options":{"image_generator_settings":{"template":"highway","default_image_id":0,"font":"","enabled":false},"version":2}},"categories":[15],"tags":[171,4699],"naslovna":[],"class_list":["post-824057","post","type-post","status-publish","format-standard","has-post-thumbnail","hentry","category-sport","tag-fk-buducnost","tag-savo-maco-rogosic"],"acf":[],"jetpack_publicize_connections":[],"_links":{"self":[{"href":"https:\/\/gradski.me\/en\/wp-json\/wp\/v2\/posts\/824057","targetHints":{"allow":["GET"]}}],"collection":[{"href":"https:\/\/gradski.me\/en\/wp-json\/wp\/v2\/posts"}],"about":[{"href":"https:\/\/gradski.me\/en\/wp-json\/wp\/v2\/types\/post"}],"author":[{"embeddable":true,"href":"https:\/\/gradski.me\/en\/wp-json\/wp\/v2\/users\/1"}],"replies":[{"embeddable":true,"href":"https:\/\/gradski.me\/en\/wp-json\/wp\/v2\/comments?post=824057"}],"version-history":[{"count":0,"href":"https:\/\/gradski.me\/en\/wp-json\/wp\/v2\/posts\/824057\/revisions"}],"wp:featuredmedia":[{"embeddable":true,"href":"https:\/\/gradski.me\/en\/wp-json\/wp\/v2\/media\/824058"}],"wp:attachment":[{"href":"https:\/\/gradski.me\/en\/wp-json\/wp\/v2\/media?parent=824057"}],"wp:term":[{"taxonomy":"category","embeddable":true,"href":"https:\/\/gradski.me\/en\/wp-json\/wp\/v2\/categories?post=824057"},{"taxonomy":"post_tag","embeddable":true,"href":"https:\/\/gradski.me\/en\/wp-json\/wp\/v2\/tags?post=824057"},{"taxonomy":"naslovna","embeddable":true,"href":"https:\/\/gradski.me\/en\/wp-json\/wp\/v2\/naslovna?post=824057"}],"curies":[{"name":"wp","href":"https:\/\/api.w.org\/{rel}","templated":true}]}}