{"id":824041,"date":"2025-08-31T12:21:00","date_gmt":"2025-08-31T10:21:00","guid":{"rendered":"https:\/\/gradski.me\/?p=824041"},"modified":"2025-08-31T12:21:00","modified_gmt":"2025-08-31T10:21:00","slug":"kraj-eurobasketa-za-bogdana-bogdanovica","status":"publish","type":"post","link":"https:\/\/gradski.me\/en\/sport\/kraj-eurobasketa-za-bogdana-bogdanovica\/","title":{"rendered":"Kraj Eurobasketa za Bogdana Bogdanovi\u0107a"},"content":{"rendered":"<p>Prvi znakovi povrede pojavili su se tokom me\u010da protiv Portugalije, kada je u zavr\u0161nici prvog poluvremena nezgodno dosko\u010dio nakon kontakta sa Dijegom Gameirom.<\/p>\n\n\n\n<p>Bogdanovi\u0107 je odmah osjetio bol u zadnjoj lo\u017ei, poku\u0161ao da istegne mi\u0161i\u0107, ali je potom napustio igru i ostao na klupi.<\/p>\n\n\n\n<p>Doktor reprezentacije Srbije Dragan Radovanovi\u0107, saop\u0161tio je da je rije\u010d o povredi zadnje lo\u017ee i najavio dodatne preglede. Poslije kona\u010dne analize iz SAD potvr\u0111eno je da Bogdanovi\u0107 ne\u0107e mo\u0107i da igra do kraja prvenstva.<\/p>\n\n\n\n<p>Utakmicu protiv Letonije posmatrao je iz hotela, \u0161to je potvrdio selektor Svetislav Pe\u0161i\u0107. U njegovom odsustvu kapitensku traku preuzeo je Stefan Jovi\u0107.<\/p>\n\n\n\n<p>Srbija naredni me\u010d igra u ponedjeljak od 20:15, a rival \u0107e biti \u010ce\u0161ka.<\/p>","protected":false},"excerpt":{"rendered":"<p>Kapiten Srbije Bogdan Bogdanovi\u0107 ne\u0107e mo\u0107i da nastavi nastup na Eurobasketu u Rigi. Nakon dodatnih pregleda ura\u0111enih u SAD potvr\u0111ena je ruptura mi\u0161i\u0107a, zbog \u010dega je za njega turnir zavr\u0161en. <\/p>","protected":false},"author":1,"featured_media":823519,"comment_status":"open","ping_status":"open","sticky":false,"template":"","format":"standard","meta":{"_acf_changed":false,"footnotes":"","jetpack_publicize_message":"","jetpack_publicize_feature_enabled":true,"jetpack_social_post_already_shared":false,"jetpack_social_options":{"image_generator_settings":{"template":"highway","default_image_id":0,"font":"","enabled":false},"version":2}},"categories":[15],"tags":[4652,2385,533],"naslovna":[],"class_list":["post-824041","post","type-post","status-publish","format-standard","has-post-thumbnail","hentry","category-sport","tag-bogdan-bogdanovic","tag-eurobasket","tag-srbija"],"acf":[],"jetpack_publicize_connections":[],"_links":{"self":[{"href":"https:\/\/gradski.me\/en\/wp-json\/wp\/v2\/posts\/824041","targetHints":{"allow":["GET"]}}],"collection":[{"href":"https:\/\/gradski.me\/en\/wp-json\/wp\/v2\/posts"}],"about":[{"href":"https:\/\/gradski.me\/en\/wp-json\/wp\/v2\/types\/post"}],"author":[{"embeddable":true,"href":"https:\/\/gradski.me\/en\/wp-json\/wp\/v2\/users\/1"}],"replies":[{"embeddable":true,"href":"https:\/\/gradski.me\/en\/wp-json\/wp\/v2\/comments?post=824041"}],"version-history":[{"count":0,"href":"https:\/\/gradski.me\/en\/wp-json\/wp\/v2\/posts\/824041\/revisions"}],"wp:featuredmedia":[{"embeddable":true,"href":"https:\/\/gradski.me\/en\/wp-json\/wp\/v2\/media\/823519"}],"wp:attachment":[{"href":"https:\/\/gradski.me\/en\/wp-json\/wp\/v2\/media?parent=824041"}],"wp:term":[{"taxonomy":"category","embeddable":true,"href":"https:\/\/gradski.me\/en\/wp-json\/wp\/v2\/categories?post=824041"},{"taxonomy":"post_tag","embeddable":true,"href":"https:\/\/gradski.me\/en\/wp-json\/wp\/v2\/tags?post=824041"},{"taxonomy":"naslovna","embeddable":true,"href":"https:\/\/gradski.me\/en\/wp-json\/wp\/v2\/naslovna?post=824041"}],"curies":[{"name":"wp","href":"https:\/\/api.w.org\/{rel}","templated":true}]}}