{"id":823662,"date":"2025-08-30T20:13:00","date_gmt":"2025-08-30T18:13:00","guid":{"rendered":"https:\/\/gradski.me\/?p=823662"},"modified":"2025-08-30T20:13:00","modified_gmt":"2025-08-30T18:13:00","slug":"u-savniku-zasijala-dva-sunca-uspjesno-zavrseno-prvo-izdanje-art-festivala","status":"publish","type":"post","link":"https:\/\/gradski.me\/en\/kultura\/u-savniku-zasijala-dva-sunca-uspjesno-zavrseno-prvo-izdanje-art-festivala\/","title":{"rendered":"U \u0160avniku zasijala dva sunca \u2013 uspje\u0161no zavr\u0161eno prvo izdanje Art Festivala"},"content":{"rendered":"<p><\/p>\n\n\n\n<p>Tokom tri dana, svi programski segmenti festivala uspje\u0161no su realizovani \u2013 od radionica i art terapija, preko muzi\u010dkih i filmskih ve\u010deri, do vizuelnih instalacija i izlo\u017ebi. U kreiranje doga\u0111aja aktivno su se uklju\u010dili ne samo organizatori i lokalna samouprava, ve\u0107 i lokalna zajednica, koja je svojim u\u010de\u0161\u0107em i podr\u0161kom doprinijela posebnoj energiji i atmosferi festivala.<\/p>\n\n\n\n<p>Festival je po\u010deo kreativnim radionicama koje su vodili profesori Fakulteta vizuelnih umjetnosti Marija D\u017eoganovi\u0107, Iva \u0110urovi\u0107, Marko Go\u0161ovi\u0107 i Bal\u0161a Gobovi\u0107, uz segment Artists Talks, posve\u0107en aktuelnim temama u umjetnosti. Prvi dan je zavr\u0161en uz radionice disanja i energi\u010dni Higher Sense party \u2013 Andrea Nox i The Founder, DJ doga\u0111aj&nbsp; u Gnijezdu pod otvorenim nebom.<\/p>\n\n\n\n<p>Poseban do\u017eivljaj drugog dana bio je koncert u svitanje pored Po\u0161\u0107enskih jezera, gdje su nastupili svjetski priznati gitaristi Sr\u0111an Bulatovi\u0107 i Darko Nik\u010devi\u0107, dok su tokom dana odr\u017eane radionice pravljenja hljeba, Marija D\u017eoganovi\u0107 i izrade tepiha, Marija Vujovi\u0107, kao i razgovor sa knji\u017eevnicom i aktivistkinjom Minjom Mardjonovi\u0107. Ve\u010dernji program donio je open air filmske projekcije i vizuelne instalacije, a nakon toga na gradskom trgu nastupili su rok sastav Parampa\u0161\u010dad, bend Anje Zagorac i DJ Rayo Positive Crew.<\/p>\n\n\n\n<p>Grad je dodatno oboga\u0107en i radovima selektovanih umjetnika: muralom Marije \u0160oln, instalacijom Sofie Albee, radovima Teodore Ne\u0161kovi\u0107, izlo\u017ebom Arlinde Dushaj, vizuelnim projekcijama Milice Komleni\u0107 Vuki\u0107, Edina \u0106erani\u0107a i Ma\u0161e Ratkni\u0107, te radovima studenata FVU kod profesora Nikole Simani\u0107a. Ovi radovi transformisali su \u0160avnik u prostor susreta savremene umjetnosti i prirode, ostavljaju\u0107i trajne tragove u zajednici.<\/p>\n\n\n\n<p>Posljednji dan festivala obilje\u017eile su zavr\u0161ne radionice i prezentacije radova nastalih tokom trodnevnog procesa stvarala\u0161tva i dru\u017eenja.<\/p>\n\n\n\n<p>Organizatori isti\u010du da je Art Festival DVA SUNCA nai\u0161ao na sjajan odziv umjetnika&nbsp; iz Crne gore, regiona i Evrope, ali i publike i zajednice, te da su poruke podr\u0161ke i pozitivne reakcije potvrda da je \u0160avnik dobio festival sa velikim potencijalom da preraste u tradiciju.<\/p>\n\n\n\n<p>Art Festival DVA SUNCA organizovali su NVU Art 365, Centar za kulturu \u0160avnik i Fakultet vizuelnih umjetnosti Univerziteta Mediteran, uz podr\u0161ku Op\u0161tine \u0160avnik, Ministarstva kulture i medija Crne Gore i Prava autora muzike \u2013 PAM CG.<\/p>","protected":false},"excerpt":{"rendered":"<p>Prvo izdanje Art Festivala DVA SUNCA uspje\u0161no je zavr\u0161eno u \u0160avniku, nakon trodnevnog programa koji je od 27. do 29. avgusta na sedam festivalskih lokacija okupio brojne umjetnike, publiku i lokalnu zajednicu pretvoriv\u0161i \u0160avnik i njegovu okolinu u jedinstvenu pozornicu i galeriju na otvorenom.<\/p>","protected":false},"author":1,"featured_media":823663,"comment_status":"open","ping_status":"open","sticky":false,"template":"","format":"standard","meta":{"_acf_changed":false,"footnotes":"","jetpack_publicize_message":"","jetpack_publicize_feature_enabled":true,"jetpack_social_post_already_shared":false,"jetpack_social_options":{"image_generator_settings":{"template":"highway","default_image_id":0,"font":"","enabled":false},"version":2}},"categories":[11],"tags":[4670,260],"naslovna":[],"class_list":["post-823662","post","type-post","status-publish","format-standard","has-post-thumbnail","hentry","category-kultura","tag-festival-dva-sunca","tag-savnik"],"acf":[],"jetpack_publicize_connections":[],"_links":{"self":[{"href":"https:\/\/gradski.me\/en\/wp-json\/wp\/v2\/posts\/823662","targetHints":{"allow":["GET"]}}],"collection":[{"href":"https:\/\/gradski.me\/en\/wp-json\/wp\/v2\/posts"}],"about":[{"href":"https:\/\/gradski.me\/en\/wp-json\/wp\/v2\/types\/post"}],"author":[{"embeddable":true,"href":"https:\/\/gradski.me\/en\/wp-json\/wp\/v2\/users\/1"}],"replies":[{"embeddable":true,"href":"https:\/\/gradski.me\/en\/wp-json\/wp\/v2\/comments?post=823662"}],"version-history":[{"count":0,"href":"https:\/\/gradski.me\/en\/wp-json\/wp\/v2\/posts\/823662\/revisions"}],"wp:featuredmedia":[{"embeddable":true,"href":"https:\/\/gradski.me\/en\/wp-json\/wp\/v2\/media\/823663"}],"wp:attachment":[{"href":"https:\/\/gradski.me\/en\/wp-json\/wp\/v2\/media?parent=823662"}],"wp:term":[{"taxonomy":"category","embeddable":true,"href":"https:\/\/gradski.me\/en\/wp-json\/wp\/v2\/categories?post=823662"},{"taxonomy":"post_tag","embeddable":true,"href":"https:\/\/gradski.me\/en\/wp-json\/wp\/v2\/tags?post=823662"},{"taxonomy":"naslovna","embeddable":true,"href":"https:\/\/gradski.me\/en\/wp-json\/wp\/v2\/naslovna?post=823662"}],"curies":[{"name":"wp","href":"https:\/\/api.w.org\/{rel}","templated":true}]}}