{"id":823637,"date":"2025-08-30T19:28:00","date_gmt":"2025-08-30T17:28:00","guid":{"rendered":"https:\/\/gradski.me\/?p=823637"},"modified":"2025-08-30T19:28:00","modified_gmt":"2025-08-30T17:28:00","slug":"video-za-opremanje-dvoje-djece-za-skolu-potrebno-izdvojiti-jednu-prosjecnu-platu","status":"publish","type":"post","link":"https:\/\/gradski.me\/en\/ekonomija\/video-za-opremanje-dvoje-djece-za-skolu-potrebno-izdvojiti-jednu-prosjecnu-platu\/","title":{"rendered":"(VIDEO) Za opremanje dvoje djece za \u0161kolu potrebno izdvojiti jednu prosje\u010dnu platu"},"content":{"rendered":"<p><\/p>\n\n\n\n<p>Za opremanje prvaka najjeftinijim \u0161kolskim priborom potrebno je izdvojiti oko 150 eura, dok priprema \u0111aka za starije razrede osnovne i srednje \u0161kole zahtijeva znatno ve\u0107a izdvajanja. U tu sumu ne ulaze garderoba i obu\u0107a, \u010dija cijena raste u\u00a0 skladu sa uzrastom djeteta, pokazuju podaci do kojih su do\u0161li novinari Gradske. Roditelji poru\u010duju da uz visoke cijene iograni\u010dene prihode, priprema za \u0161kolu postaje prava no\u0107na mora.<\/p>\n\n\n\n<p>&#8222;S obzirom na to da imam dvoje djece koja idu u razli\u010dite \u0161kole, Srednju i Osnovnu, u principu to je nekih 500 eura, s tim \u0161to \u0107e za srednjo\u0161kolca sigurno biti mnogo vi\u0161e, jer osnovci svi dobijaju knjige. Smatram da je malo ljudi koji mogu da odvajaju mjese\u010dno od svoje plate da bi zbog sve inflacije koja je sad aktuelna, zbog niskih primanja, visokih cijena, mislim da je malo ljudi koji mogu da odvoje sebi par mjeseci dio plate da spreme dijete za \u0161kolu&#8220;, istakla je jedna ispitanica.<\/p>\n\n\n\n<p>Iako akcijske cijene i sni\u017eenja donekle olak\u0161avaju opremanje, brojni roditelji koji osim materijalnog obezbe\u0111enja porodice od oko 160 eura nemaju drugih prihoda, ne mogu djeci priu\u0161titi sve \u0161to im je potrebno. Zbog toga je Udru\u017eenje Roditelji i ove godine pokrenulo\u00a0 humanitarnu akciju \u201cPodijelimo, jer zajedno mo\u017eemo vi\u0161e\u201d , kojom poziva gra\u0111ane, kompanije i organizacije da pomognu djeci iz socijalno ugro\u017eenih porodica.Samo pro\u0161le godine, zahvaljuju\u0107i akciji , 1522 djece \u0161irom Crne Gore spremno je do\u010dekalo po\u010detak nastave.<\/p>\n\n\n\n<p>&#8222;Naravno, kao i svake godine, malo \u0107emo akciju produ\u017eiti, pa \u0107emo i u toku naredne sedmice, iako po\u010dinje \u0161kola 1.septembra , nastojati da obradujemo svako dijete koje \u010deka \u0161kolski pribor , ali i da zna\u010dajno olak\u0161amo roditeljima koji su zapravo u velikoj neizvjesnosti ho\u0107e li mo\u0107i obezbijediti sve ono \u0161to je potrebno njihovoj djeci da spremni do\u010dekaju novu \u0161kolsku godinu&#8220;, navela je Katarina \u010carapi\u0107 iz organizacije &#8222;Udru\u017eenje Roditelji&#8220;.<\/p>\n\n\n\n<p>Ekonomski analiti\u010dar Mirza Mule\u0161kovi\u0107 pozdravlja odluku Glavnog grada da sa po 50 eura subvencioni\u0161e prvake i osnovce iz Podgorice, \u010diji su roditelji korisnici MOP-a.<\/p>\n\n\n\n<p>&#8222;Da li je dovoljn &#8211; nije dovoljno, jer svjedo\u010dimo da je to vjerovatno manje od pola tro\u0161kova koji je neophodan samo za po\u010detak \u0161kolske godine. Da li je trebalo razmi\u0161ljati o pove\u0107anju tokom ove godine-jeste, zbog toga \u0161to smo imali inflaciju prethodnu godinu, ali opet ka\u017eem dobro je da imamo odre\u0111ena izdvajanja i da razmislimo na koji na\u010din da kreiramo taj bud\u017eet da ta izdvajanja budu ve\u0107a&#8220;, zaklju\u010dio je on.<\/p>\n\n\n\n<p>Svako dijete mora imati jednake \u0161anse i mogu\u0107nosti za obrazovanje, iako praksa pokazuje suprotno. Podsje\u0107amo da je Glavni grad obezbijedio i besplatan gradski prevoz za sve \u0111ake, dok \u0107e konkurs za nov\u010dana sredstva za kupovinu \u0161kolskog pribora biti otvoren od 1. do 30.septembra.<\/p>\n\n\n\n<figure class=\"wp-block-embed is-type-video is-provider-youtube wp-block-embed-youtube wp-embed-aspect-16-9 wp-has-aspect-ratio\"><div class=\"wp-block-embed__wrapper\">\n<iframe title=\"Za opremanje dvoje djece za \u0161kolu potrebno izdvojiti jednu prosje\u010dnu platu\" width=\"800\" height=\"450\" src=\"https:\/\/www.youtube.com\/embed\/27DINLMHXj4?feature=oembed\" frameborder=\"0\" allow=\"accelerometer; autoplay; clipboard-write; encrypted-media; gyroscope; picture-in-picture; web-share\" referrerpolicy=\"strict-origin-when-cross-origin\" allowfullscreen><\/iframe>\n<\/div><\/figure>","protected":false},"excerpt":{"rendered":"<p>Nova \u0161kolska godina za ve\u0107inu roditelja predstavlja veliki udar na ku\u0107ni bud\u017eet zbog kupovine osnovnog pribora za \u0161kolske dane. Za opremanje dvoje djece potrebno je izdvojiti jednu prosje\u010dnu platu. Uprkos odre\u0111enim akcijama u knji\u017earama i marketima, podaci do kojih su do\u0161li na\u0161i novinari pokazuju da je sve skuplje nego pro\u0161le godine<\/p>","protected":false},"author":1,"featured_media":823641,"comment_status":"open","ping_status":"open","sticky":false,"template":"","format":"standard","meta":{"_acf_changed":false,"footnotes":"","jetpack_publicize_message":"","jetpack_publicize_feature_enabled":true,"jetpack_social_post_already_shared":false,"jetpack_social_options":{"image_generator_settings":{"template":"highway","default_image_id":0,"font":"","enabled":false},"version":2}},"categories":[8],"tags":[4669,4394],"naslovna":[],"class_list":["post-823637","post","type-post","status-publish","format-standard","has-post-thumbnail","hentry","category-ekonomija","tag-opremanje-djece-za-skolu","tag-skolski-pribor"],"acf":[],"jetpack_publicize_connections":[],"_links":{"self":[{"href":"https:\/\/gradski.me\/en\/wp-json\/wp\/v2\/posts\/823637","targetHints":{"allow":["GET"]}}],"collection":[{"href":"https:\/\/gradski.me\/en\/wp-json\/wp\/v2\/posts"}],"about":[{"href":"https:\/\/gradski.me\/en\/wp-json\/wp\/v2\/types\/post"}],"author":[{"embeddable":true,"href":"https:\/\/gradski.me\/en\/wp-json\/wp\/v2\/users\/1"}],"replies":[{"embeddable":true,"href":"https:\/\/gradski.me\/en\/wp-json\/wp\/v2\/comments?post=823637"}],"version-history":[{"count":0,"href":"https:\/\/gradski.me\/en\/wp-json\/wp\/v2\/posts\/823637\/revisions"}],"wp:featuredmedia":[{"embeddable":true,"href":"https:\/\/gradski.me\/en\/wp-json\/wp\/v2\/media\/823641"}],"wp:attachment":[{"href":"https:\/\/gradski.me\/en\/wp-json\/wp\/v2\/media?parent=823637"}],"wp:term":[{"taxonomy":"category","embeddable":true,"href":"https:\/\/gradski.me\/en\/wp-json\/wp\/v2\/categories?post=823637"},{"taxonomy":"post_tag","embeddable":true,"href":"https:\/\/gradski.me\/en\/wp-json\/wp\/v2\/tags?post=823637"},{"taxonomy":"naslovna","embeddable":true,"href":"https:\/\/gradski.me\/en\/wp-json\/wp\/v2\/naslovna?post=823637"}],"curies":[{"name":"wp","href":"https:\/\/api.w.org\/{rel}","templated":true}]}}