{"id":823516,"date":"2025-08-30T16:13:47","date_gmt":"2025-08-30T14:13:47","guid":{"rendered":"https:\/\/gradski.me\/?p=823516"},"modified":"2025-08-30T16:13:47","modified_gmt":"2025-08-30T14:13:47","slug":"srbija-bez-kapitena-protiv-letonije-bogdanovic-povrijedio-zadnju-lozu","status":"publish","type":"post","link":"https:\/\/gradski.me\/en\/sport\/srbija-bez-kapitena-protiv-letonije-bogdanovic-povrijedio-zadnju-lozu\/","title":{"rendered":"Srbija bez kapitena protiv Letonije: Bogdanovi\u0107 povrijedio zadnju lo\u017eu"},"content":{"rendered":"<p>Bogdanovi\u0107 je povredu zadobio na me\u010du protiv Portugala u drugom kolu grupne faze Eurobasketa u Rigi. <\/p>\n\n\n\n<p>Kako je izjavio prof. dr Dragan Radovanovi\u0107, danas je obavljeno snimanje magnetnom rezonancom koje je pokazalo o\u0161te\u0107enje mi\u0161i\u0107a zadnje lo\u017ee natkoljenice.<\/p>\n\n\n\n<p>&#8222;Potrebna su dodatna ispitivanja kako bi se postavila kona\u010dna dijagnoza i prognoza. Bogdanovi\u0107 ne\u0107e igrati na utakmici protiv Letonije&#8220;, naveo je Radovanovi\u0107.<\/p>\n\n\n\n<p>Iz KSS-a poru\u010duju da \u0107e javnost biti blagovremeno obavije\u0161tena o daljim koracima i oporavku srpskog kapitena.<\/p>\n\n\n\n<figure class=\"wp-block-embed is-type-rich is-provider-twitter wp-block-embed-twitter\"><div class=\"wp-block-embed__wrapper\">\n<blockquote class=\"twitter-tweet\" data-width=\"550\" data-dnt=\"true\"><p lang=\"sr\" dir=\"ltr\">\u041a\u0430\u043f\u0438\u0442\u0435\u043d \u0440\u0435\u043f\u0440\u0435\u0437\u0435\u043d\u0442\u0430\u0446\u0438\u0458\u0435 \u0421\u0440\u0431\u0438\u0458\u0435 \u0411\u043e\u0433\u0434\u0430\u043d \u0411\u043e\u0433\u0434\u0430\u043d\u043e\u0432\u0438\u045b \u0434\u043e\u0436\u0438\u0432\u0435\u043e \u0458\u0435 \u043f\u043e\u0432\u0440\u0435\u0434\u0443 \u043d\u0430 \u0443\u0442\u0430\u043a\u043c\u0438\u0446\u0438 \u043f\u0440\u043e\u0442\u0438\u0432 \u041f\u043e\u0440\u0442\u0443\u0433\u0430\u043b\u0430 \u0443 \u0434\u0440\u0443\u0433\u043e\u043c \u043a\u043e\u043b\u0443 \u0433\u0440\u0443\u043f\u043d\u0435 \u0444\u0430\u0437\u0435 \u0415\u0432\u0440\u043e\u043f\u0441\u043a\u043e\u0433 \u043f\u0440\u0432\u0435\u043d\u0441\u0442\u0432\u0430 \u0443 \u0420\u0438\u0433\u0438. <br><br>\u041a\u043e\u0448\u0430\u0440\u043a\u0430\u0448\u043a\u0438 \u0441\u0430\u0432\u0435\u0437 \u0421\u0440\u0431\u0438\u0458\u0435 \u045b\u0435 \u0431\u043b\u0430\u0433\u043e\u0432\u0440\u0435\u043c\u0435\u043d\u043e \u043e\u0431\u0430\u0432\u0435\u0441\u0442\u0438\u0442\u0438 \u0458\u0430\u0432\u043d\u043e\u0441\u0442 \u043e \u0434\u0438\u0458\u0430\u0433\u043d\u043e\u0437\u0438 \u0438 \u043e\u043f\u043e\u0440\u0430\u0432\u043a\u0443 \u043d\u0430\u0448\u0435\u0433 \u043a\u0430\u043f\u0438\u0442\u0435\u043d\u0430. <a href=\"https:\/\/t.co\/7nj0lQfzw7\">pic.twitter.com\/7nj0lQfzw7<\/a><\/p>&mdash; Ko\u0161arka\u0161ki savez SRB (@KSSrbije) <a href=\"https:\/\/twitter.com\/KSSrbije\/status\/1961780565494935726?ref_src=twsrc%5Etfw\" target=\"_blank\" rel=\"noopener\">August 30, 2025<\/a><\/blockquote><script async src=\"https:\/\/platform.twitter.com\/widgets.js\" charset=\"utf-8\"><\/script>\n<\/div><\/figure>\n\n\n\n<p>Srbija \u0107e danas (17h) igrati protiv Letonije. <\/p>","protected":false},"excerpt":{"rendered":"<p>Kapiten ko\u0161arka\u0161ke reprezentacije Srbije Bogdan Bogdanovi\u0107 ne\u0107e igrati protiv Letonije zbog povrede zadnje lo\u017ee, saop\u0161tio je danas Ko\u0161arka\u0161ki savez Srbije (KSS).<\/p>","protected":false},"author":1,"featured_media":823519,"comment_status":"open","ping_status":"open","sticky":false,"template":"","format":"standard","meta":{"_acf_changed":false,"footnotes":"","jetpack_publicize_message":"","jetpack_publicize_feature_enabled":true,"jetpack_social_post_already_shared":false,"jetpack_social_options":{"image_generator_settings":{"template":"highway","default_image_id":0,"font":"","enabled":false},"version":2}},"categories":[15],"tags":[4652,2385,4653,1137],"naslovna":[],"class_list":["post-823516","post","type-post","status-publish","format-standard","has-post-thumbnail","hentry","category-sport","tag-bogdan-bogdanovic","tag-eurobasket","tag-kss","tag-muska-kosarkaska-reprezentacija-srbije"],"acf":[],"jetpack_publicize_connections":[],"_links":{"self":[{"href":"https:\/\/gradski.me\/en\/wp-json\/wp\/v2\/posts\/823516","targetHints":{"allow":["GET"]}}],"collection":[{"href":"https:\/\/gradski.me\/en\/wp-json\/wp\/v2\/posts"}],"about":[{"href":"https:\/\/gradski.me\/en\/wp-json\/wp\/v2\/types\/post"}],"author":[{"embeddable":true,"href":"https:\/\/gradski.me\/en\/wp-json\/wp\/v2\/users\/1"}],"replies":[{"embeddable":true,"href":"https:\/\/gradski.me\/en\/wp-json\/wp\/v2\/comments?post=823516"}],"version-history":[{"count":0,"href":"https:\/\/gradski.me\/en\/wp-json\/wp\/v2\/posts\/823516\/revisions"}],"wp:featuredmedia":[{"embeddable":true,"href":"https:\/\/gradski.me\/en\/wp-json\/wp\/v2\/media\/823519"}],"wp:attachment":[{"href":"https:\/\/gradski.me\/en\/wp-json\/wp\/v2\/media?parent=823516"}],"wp:term":[{"taxonomy":"category","embeddable":true,"href":"https:\/\/gradski.me\/en\/wp-json\/wp\/v2\/categories?post=823516"},{"taxonomy":"post_tag","embeddable":true,"href":"https:\/\/gradski.me\/en\/wp-json\/wp\/v2\/tags?post=823516"},{"taxonomy":"naslovna","embeddable":true,"href":"https:\/\/gradski.me\/en\/wp-json\/wp\/v2\/naslovna?post=823516"}],"curies":[{"name":"wp","href":"https:\/\/api.w.org\/{rel}","templated":true}]}}