{"id":823460,"date":"2025-08-30T17:14:00","date_gmt":"2025-08-30T15:14:00","guid":{"rendered":"https:\/\/gradski.me\/?p=823460"},"modified":"2025-08-30T17:14:00","modified_gmt":"2025-08-30T15:14:00","slug":"prvi-festival-kulture-i-mentalnog-zdravlja-u-crnoj-gori","status":"publish","type":"post","link":"https:\/\/gradski.me\/en\/kultura\/prvi-festival-kulture-i-mentalnog-zdravlja-u-crnoj-gori\/","title":{"rendered":"Prvi festival kulture i mentalnog zdravlja u Crnoj Gori"},"content":{"rendered":"<p>Iza cijele ideje stoji osniva\u010d i direktor, 23-godi\u0161nji Martin Krivokapi\u0107, koji je festival pokrenuo, kako ka\u017ee, spontano \u2013 ali s jasnom misijom.<br>\u2013 <em>\u201eHtio sam da napravim prostor u kojem \u0107e se spojiti scena i \u017eivot, umjetnost i unutra\u0161nji svijet. Dru\u0161tvo ne mo\u017ee biti zdrvo bez pojedinaca koji to jesu. Razgovor i umjetnost otvaraju vrata koja ina\u010de ostaju zatvorena \u2013 naro\u010dito u vremenu kada pritisci svakodnevnice, neizvjesnost i tihe krize oblikuju na\u0161e \u017eivote. Ni o kulturi, ni o mentalnom zdravlju se kod nas ne govori dovoljno, a zajedno mogu pru\u017eiti mnogo vi\u0161e nego odvojeno,\u201c<\/em> obja\u0161njava Krivokapi\u0107.<\/p>\n\n\n\n<p>Festival je zami\u0161ljen kao trodnevno putovanje kroz tri generacije: od starijih, preko srednje generacije, do mladih. Svaki dan donosi stru\u010dno predavanje ili panel i pozori\u0161nu predstavu, pa\u017eljivo biranu da oslikava temu dana. Tako \u0107e se prvog dana govoriti o tome kako pro\u0161lost oblikuje sada\u0161njost, drugog o problemu burnout-a, a tre\u0107eg o izazovima mladih u ljubavi i odrastanju. Publiku uve\u010de o\u010dekuju gluma\u010dki velikani poput Tanje Bo\u0161kovi\u0107, Radeta Marjanovi\u0107a, Slavena Do\u0161lo, Maje \u0160u\u0161e, porodice Savi\u0107 i nagra\u0111ivane predstave \u2013 od kultnog komada <em>\u201eZa dobra stara vremena\u201c<\/em> do intimne drame <em>\u201eZatvaranje ljubavi\u201c<\/em>. Cijeli program odvi\u0107e se pod vedrim nebom na terasi Biologije mora.&nbsp;<\/p>\n\n\n\n<p>Krivokapi\u0107 isti\u010de da je \u017eelio festival koji \u0107e biti vi\u0161e od kulturnog doga\u0111aja:<br>\u2013 <em>\u201eOvoj festival nije predstava. Nije ni terapija. On je prostor izme\u0111u. \u017delimo da ljudi iza\u0111u iz sale sa osje\u0107ajem da su ne\u0161to do\u017eivjeli i razrije\u0161ili u sebi,\u201c<\/em> ka\u017ee on.<\/p>\n\n\n\n<p>Da je ideja nai\u0161la na odjek, pokazuje i veliko interesovanje \u2013 ulaznice za prvi dan su gotovo rasprodate, dok se karte za naredne programe mogu rezervisati preko Instagram stranice <strong>bymirakul<\/strong> ili pozivom na broj telefona objavljen na dru\u0161tvenim mre\u017eama.<\/p>\n\n\n\n<p>Pod pokroviteljstvom Ministarstva kulture i medija, Op\u0161tine Kotor i Turisti\u010dke organizacije Kotor, festival \u201e3 dana du\u0161(\u017e)e\u201d obe\u0107ava da \u0107e postati doga\u0111aj koji se pamti.&nbsp;<\/p>","protected":false},"excerpt":{"rendered":"<p>Da kultura mo\u017ee lije\u010diti du\u0161u, a razgovor o mentalnom zdravlju biti jednako va\u017ean kao i umjetnost, uvjeri\u0107emo se od 4. do 6. septembra u Kotoru, na prvom festivalu ovog tipa u Crnoj Gori \u2013 \u201e3 dana du\u0161(\u017e)e\u201d.<\/p>","protected":false},"author":1,"featured_media":823463,"comment_status":"open","ping_status":"open","sticky":false,"template":"","format":"standard","meta":{"_acf_changed":false,"footnotes":"","jetpack_publicize_message":"","jetpack_publicize_feature_enabled":true,"jetpack_social_post_already_shared":false,"jetpack_social_options":{"image_generator_settings":{"template":"highway","default_image_id":0,"font":"","enabled":false},"version":2}},"categories":[11],"tags":[119,2344],"naslovna":[],"class_list":["post-823460","post","type-post","status-publish","format-standard","has-post-thumbnail","hentry","category-kultura","tag-festival","tag-kultura"],"acf":[],"jetpack_publicize_connections":[],"_links":{"self":[{"href":"https:\/\/gradski.me\/en\/wp-json\/wp\/v2\/posts\/823460","targetHints":{"allow":["GET"]}}],"collection":[{"href":"https:\/\/gradski.me\/en\/wp-json\/wp\/v2\/posts"}],"about":[{"href":"https:\/\/gradski.me\/en\/wp-json\/wp\/v2\/types\/post"}],"author":[{"embeddable":true,"href":"https:\/\/gradski.me\/en\/wp-json\/wp\/v2\/users\/1"}],"replies":[{"embeddable":true,"href":"https:\/\/gradski.me\/en\/wp-json\/wp\/v2\/comments?post=823460"}],"version-history":[{"count":0,"href":"https:\/\/gradski.me\/en\/wp-json\/wp\/v2\/posts\/823460\/revisions"}],"wp:featuredmedia":[{"embeddable":true,"href":"https:\/\/gradski.me\/en\/wp-json\/wp\/v2\/media\/823463"}],"wp:attachment":[{"href":"https:\/\/gradski.me\/en\/wp-json\/wp\/v2\/media?parent=823460"}],"wp:term":[{"taxonomy":"category","embeddable":true,"href":"https:\/\/gradski.me\/en\/wp-json\/wp\/v2\/categories?post=823460"},{"taxonomy":"post_tag","embeddable":true,"href":"https:\/\/gradski.me\/en\/wp-json\/wp\/v2\/tags?post=823460"},{"taxonomy":"naslovna","embeddable":true,"href":"https:\/\/gradski.me\/en\/wp-json\/wp\/v2\/naslovna?post=823460"}],"curies":[{"name":"wp","href":"https:\/\/api.w.org\/{rel}","templated":true}]}}