{"id":823456,"date":"2025-08-30T15:30:00","date_gmt":"2025-08-30T13:30:00","guid":{"rendered":"https:\/\/gradski.me\/?p=823456"},"modified":"2025-08-30T15:30:00","modified_gmt":"2025-08-30T13:30:00","slug":"zelenski-ubijen-bivsi-predsjednik-ukrajinskog-parlamenta-potraga-za-ubicom-u-toku","status":"publish","type":"post","link":"https:\/\/gradski.me\/en\/svijet\/zelenski-ubijen-bivsi-predsjednik-ukrajinskog-parlamenta-potraga-za-ubicom-u-toku\/","title":{"rendered":"Zelenski: Ubijen biv\u0161i predsjednik ukrajinskog parlamenta, potraga za ubicom u toku"},"content":{"rendered":"<p><a href=\"https:\/\/www.facebook.com\/share.php?u=https:\/\/www.rts.rs\/lat\/vesti\/ratu-u-ukrajini\/5779395\/rat-ukrajina-kijev-rusija-moskva-zelenski-putin.html?sid=582423\" target=\"_blank\" rel=\"noopener\"><\/a><a href=\"https:\/\/twitter.com\/share\" target=\"_blank\" rel=\"noopener\"><\/a><a href=\"https:\/\/www.linkedin.com\/shareArticle?mini=true&amp;url=https:\/\/www.rts.rs\/lat\/vesti\/ratu-u-ukrajini\/5779395\/rat-ukrajina-kijev-rusija-moskva-zelenski-putin.html?sid=582423&amp;title=&amp;source=rts.rs\" target=\"_blank\" rel=\"noopener\"><\/a><\/p>\n\n\n\n<p><a href=\"https:\/\/www.rts.rs\/lat.html?print=true\" target=\"_blank\" rel=\"noreferrer noopener\"><\/a>Biv\u0161i predsednik ukrajinskog parlamenta Andrij Parubij ubijen je u gradu Lavovu na zapadu zemlje, izjavio je ukrajinski predsednik Volodimir Zelenski.<\/p>\n\n\n\n<p>&#8222;Ministar unutra\u0161njih poslova Igor Klimenko i generalni tu\u017eilac Ruslan Krav\u010denko upravo su izvestili o prvim poznatim okolnostima stravi\u010dnog ubistva u Lavovu. Andrij Parubij je ubijen&#8220;, rekao je Zelenski u objavi na platformi&nbsp;<em>Iks<\/em>.<\/p>\n\n\n\n<p>Zelenski je dodao da je potraga za ubicom u toku.<\/p>\n\n\n\n<figure class=\"wp-block-embed is-type-rich is-provider-twitter wp-block-embed-twitter\"><div class=\"wp-block-embed__wrapper\">\n<blockquote class=\"twitter-tweet\" data-width=\"550\" data-dnt=\"true\"><p lang=\"en\" dir=\"ltr\">Ukraine\u2019s Minister of Internal Affairs Ihor Klymenko and Prosecutor General Ruslan Kravchenko have just reported the first known circumstances of the horrendous murder in Lviv. Andriy Parubiy was killed. My condolences to his family and loved ones.<br><br>All necessary forces and means\u2026<\/p>&mdash; Volodymyr Zelenskyy \/ \u0412\u043e\u043b\u043e\u0434\u0438\u043c\u0438\u0440 \u0417\u0435\u043b\u0435\u043d\u0441\u044c\u043a\u0438\u0439 (@ZelenskyyUa) <a href=\"https:\/\/twitter.com\/ZelenskyyUa\/status\/1961727262799155484?ref_src=twsrc%5Etfw\" target=\"_blank\" rel=\"noopener\">August 30, 2025<\/a><\/blockquote><script async src=\"https:\/\/platform.twitter.com\/widgets.js\" charset=\"utf-8\"><\/script>\n<\/div><\/figure>","protected":false},"excerpt":{"rendered":"<p>Biv\u0161i predsednik ukrajinskog parlamenta Andrij Parubij ubijen je u gradu Lavovu na zapadu zemlje, izjavio je ukrajinski predsednik Volodimir Zelenski. &#8222;Ministar unutra\u0161njih poslova Igor Klimenko i generalni tu\u017eilac Ruslan Krav\u010denko upravo su izvestili o prvim poznatim okolnostima stravi\u010dnog ubistva u Lavovu. Andrij Parubij je ubijen&#8220;, rekao je Zelenski u objavi na platformi&nbsp;Iks. Zelenski je dodao [&hellip;]<\/p>\n","protected":false},"author":1,"featured_media":448625,"comment_status":"open","ping_status":"open","sticky":false,"template":"","format":"standard","meta":{"_acf_changed":false,"footnotes":"","jetpack_publicize_message":"","jetpack_publicize_feature_enabled":true,"jetpack_social_post_already_shared":false,"jetpack_social_options":{"image_generator_settings":{"template":"highway","default_image_id":0,"font":"","enabled":false},"version":2}},"categories":[14],"tags":[4643,4644,301],"naslovna":[],"class_list":["post-823456","post","type-post","status-publish","format-standard","has-post-thumbnail","hentry","category-svijet","tag-andrij-parubij","tag-lavov","tag-volodimir-zelenski"],"acf":[],"jetpack_publicize_connections":[],"_links":{"self":[{"href":"https:\/\/gradski.me\/en\/wp-json\/wp\/v2\/posts\/823456","targetHints":{"allow":["GET"]}}],"collection":[{"href":"https:\/\/gradski.me\/en\/wp-json\/wp\/v2\/posts"}],"about":[{"href":"https:\/\/gradski.me\/en\/wp-json\/wp\/v2\/types\/post"}],"author":[{"embeddable":true,"href":"https:\/\/gradski.me\/en\/wp-json\/wp\/v2\/users\/1"}],"replies":[{"embeddable":true,"href":"https:\/\/gradski.me\/en\/wp-json\/wp\/v2\/comments?post=823456"}],"version-history":[{"count":0,"href":"https:\/\/gradski.me\/en\/wp-json\/wp\/v2\/posts\/823456\/revisions"}],"wp:featuredmedia":[{"embeddable":true,"href":"https:\/\/gradski.me\/en\/wp-json\/wp\/v2\/media\/448625"}],"wp:attachment":[{"href":"https:\/\/gradski.me\/en\/wp-json\/wp\/v2\/media?parent=823456"}],"wp:term":[{"taxonomy":"category","embeddable":true,"href":"https:\/\/gradski.me\/en\/wp-json\/wp\/v2\/categories?post=823456"},{"taxonomy":"post_tag","embeddable":true,"href":"https:\/\/gradski.me\/en\/wp-json\/wp\/v2\/tags?post=823456"},{"taxonomy":"naslovna","embeddable":true,"href":"https:\/\/gradski.me\/en\/wp-json\/wp\/v2\/naslovna?post=823456"}],"curies":[{"name":"wp","href":"https:\/\/api.w.org\/{rel}","templated":true}]}}