{"id":823241,"date":"2025-08-30T08:18:00","date_gmt":"2025-08-30T06:18:00","guid":{"rendered":"https:\/\/gradski.me\/?p=823241"},"modified":"2025-08-30T08:18:00","modified_gmt":"2025-08-30T06:18:00","slug":"pesic-ovo-nije-reprezentacija-srbije","status":"publish","type":"post","link":"https:\/\/gradski.me\/en\/sport\/pesic-ovo-nije-reprezentacija-srbije\/","title":{"rendered":"Pe\u0161i\u0107: Ovo nije reprezentacija Srbije"},"content":{"rendered":"<p>\u201eSvi su vidjeli utakmicu. Mislim da, ukoliko nemate fokus, onda ne mo\u017eete igrati na utakmici &#8211; a mi nismo bili spremni. Vjerujem da je ovo posljednji put da smo ovako odigrali. Ovo nije ko\u0161arka\u0161ka reprezentacija Srbije. Ona mora pobje\u0111ivati u svakoj utakmici. Na\u0161 stav ve\u010deras bio je potpuno druga\u010diji nego protiv Estonije. Naravno, velika su o\u010dekivanja i to je te\u0161ko \u2013 ne mo\u017eete o\u010dekivati da svi igraju kao \u0161to smo igrali u prethodnim me\u010devima, i prijateljskim i zvani\u010dnim. Nadam se da imamo dovoljno inteligencije da ne\u0161to nau\u010dimo iz ovoga. Najva\u017enije je da pobje\u0111ujemo iz utakmice u utakmicu &#8211; zbog nas, ne zbog drugih. Moramo pokazati vi\u0161e inteligencije i fokusa i biti spremni za Eurobasket. Sve po\u0161tujemo, a posebno sebe&#8220;, kazao je nakon me\u010da popularni Kari. <\/p>\n\n\n\n<p>Ono \u0161to dodatno zabrinjava jeste povreda Bogdana Bogdanovi\u0107a, koji se u jednom trenutku uhvatio za zadnju lo\u017eu, a nakon poluvremena se vi\u0161e nije vra\u0107ao na parket.<\/p>\n\n\n\n<p>\u201eNe znam ni\u0161ta o te\u017eini povrede. \u010cekamo nalaze medicinskog tima\u201c, poru\u010dio je Pe\u0161i\u0107. <\/p>\n\n\n\n<p>Srbija \u0107e danas od 17 sati igrati protiv Letonije, koja ima polovi\u010dan u\u010dinak nakon dva kola. <\/p>","protected":false},"excerpt":{"rendered":"<p>Ko\u0161arka\u0161i Srbije savladali su Portugal rezultatom 80:69 u drugom kolu grupe A na Eurobasketu, ali uprkos pobjedi, selektor glavnog favorita za zlato, Svetislav Pe\u0161i\u0107, bio je vidno nezadovoljan izdanjem svoje ekipe.<\/p>","protected":false},"author":1,"featured_media":583517,"comment_status":"open","ping_status":"open","sticky":false,"template":"","format":"standard","meta":{"_acf_changed":false,"footnotes":"","jetpack_publicize_message":"","jetpack_publicize_feature_enabled":true,"jetpack_social_post_already_shared":false,"jetpack_social_options":{"image_generator_settings":{"template":"highway","default_image_id":0,"font":"","enabled":false},"version":2}},"categories":[15],"tags":[2920,4615,1137,2681],"naslovna":[],"class_list":["post-823241","post","type-post","status-publish","format-standard","has-post-thumbnail","hentry","category-sport","tag-eurobasket-2025","tag-muska-kosarkaska-reprezentacija-portugala","tag-muska-kosarkaska-reprezentacija-srbije","tag-svetislav-pesic"],"acf":[],"jetpack_publicize_connections":[],"_links":{"self":[{"href":"https:\/\/gradski.me\/en\/wp-json\/wp\/v2\/posts\/823241","targetHints":{"allow":["GET"]}}],"collection":[{"href":"https:\/\/gradski.me\/en\/wp-json\/wp\/v2\/posts"}],"about":[{"href":"https:\/\/gradski.me\/en\/wp-json\/wp\/v2\/types\/post"}],"author":[{"embeddable":true,"href":"https:\/\/gradski.me\/en\/wp-json\/wp\/v2\/users\/1"}],"replies":[{"embeddable":true,"href":"https:\/\/gradski.me\/en\/wp-json\/wp\/v2\/comments?post=823241"}],"version-history":[{"count":0,"href":"https:\/\/gradski.me\/en\/wp-json\/wp\/v2\/posts\/823241\/revisions"}],"wp:featuredmedia":[{"embeddable":true,"href":"https:\/\/gradski.me\/en\/wp-json\/wp\/v2\/media\/583517"}],"wp:attachment":[{"href":"https:\/\/gradski.me\/en\/wp-json\/wp\/v2\/media?parent=823241"}],"wp:term":[{"taxonomy":"category","embeddable":true,"href":"https:\/\/gradski.me\/en\/wp-json\/wp\/v2\/categories?post=823241"},{"taxonomy":"post_tag","embeddable":true,"href":"https:\/\/gradski.me\/en\/wp-json\/wp\/v2\/tags?post=823241"},{"taxonomy":"naslovna","embeddable":true,"href":"https:\/\/gradski.me\/en\/wp-json\/wp\/v2\/naslovna?post=823241"}],"curies":[{"name":"wp","href":"https:\/\/api.w.org\/{rel}","templated":true}]}}