{"id":822751,"date":"2025-08-29T15:26:00","date_gmt":"2025-08-29T13:26:00","guid":{"rendered":"https:\/\/gradski.me\/?p=822751"},"modified":"2025-08-29T15:26:00","modified_gmt":"2025-08-29T13:26:00","slug":"spajic-mladim-vatepolistima-najbolji-ste-primjer-i-podsticaj-cijeloj-zajednici-povecacemo-izdvajanja-za-mjesecne-stipendije","status":"publish","type":"post","link":"https:\/\/gradski.me\/en\/sport\/spajic-mladim-vatepolistima-najbolji-ste-primjer-i-podsticaj-cijeloj-zajednici-povecacemo-izdvajanja-za-mjesecne-stipendije\/","title":{"rendered":"Spaji\u0107 mladim vatepolistima: Najbolji ste primjer i podsticaj cijeloj zajednici, pove\u0107a\u0107emo izdvajanja za mjese\u010dne stipendije"},"content":{"rendered":"<p><\/p>\n\n\n\n<p>On je danas, u Vili Gorica, organizovao prijem za mlade sportiste koji su ovog ljeta osvojili medalje na evropskim prvenstvima.<\/p>\n\n\n\n<p>\u201e\u010cesto se pitamo \u010dime i kako se mo\u017ee nadoknaditi nedostatak&nbsp; brojnosti i konkurencije, koji su \u010desto presudni za postizanje vrhunskih rezultata. Odogovor na ovo pitanje dobijamo od vas &#8211; bez mnogo rije\u010di. Va\u0161 odgovor su medalje ste\u010dene, prije svega, velikim trudom i postavljanjem ciljeva koji nadilaze na\u0161e okvire i limite. Sa takvim pristupom profesiji i obavezama, najbolji ste podsticaj i primjer cijeloj zajednici da se vijenac slave i uspjeha ne plete samo u \u201evelikom grmenu\u201c. Vi ste najbolja potvrda da se u \u201ekolijevci od slobode\u201c ra\u0111aju, izgra\u0111uju i usavr\u0161avaju veliki heroji i heroine sporta, \u0161ampionke i \u0161ampioni \u017eivota, globalne liderke i lideri &#8211; u disciplinama gdje su rezultati vrlo mjerljivi\u201c, kazao je premijer Spaji\u0107.<\/p>\n\n\n\n<p>On je najavio da \u0107e Vlada, u okviru zakonskih mogu\u0107nosti, pripremiti izmjenu aktuelne Uredbe i pove\u0107ati izdvajanja za mjese\u010dne stipendije mladih sportista.<\/p>\n\n\n\n<p>\u201eTrudi\u0107emo se da, kroz rad na izmjenama Zakona o sportu, stvorimo uslove da stipendije budu jo\u0161 izda\u0161nije u budu\u0107nosti \u2013 da i na taj na\u010din poka\u017eemo koliko cijenimo \u0161to Crnu Goru, sve nas, predstavljate na najljep\u0161i na\u010din\u201c, istakao je predsjendik Vlade.<\/p>\n\n\n\n<p>Kako je saop\u0161tio, Podgorica \u0107e uskoro kompletirati akvatik kompleks kakav prili\u010di Glavnom gradu budu\u0107e \u010dlanice Evropske unije, kroz zatvaranje olimpijskog bazena i izgradnjom novog otvorenog u okviru SC Mora\u010de.<\/p>\n\n\n\n<p>\u201eTu ne \u017eelimo stati ve\u0107 \u0161iriti bazu, tako da su u toku procedure, kako bi se gradili bazeni \u0161irom zemlje \u2013 u Pljevljima, Baru, Herceg Novom, Tivtu. Kada govorimo o rukometu, infrastrukturno ne\u0161to je bolja situacija, ali smo uvidjeli da je za va\u0161 dalji napredak i dostizanje punog potencijala neophodno osigurati kontinuirano u\u010de\u0161\u0107e u Ligi \u0161ampiona. Zbog toga nova uprava Budu\u0107nosti ima jasan zadatak, da za va\u0161u budu\u0107e uspjehe osigura stabilnost u funkcionisanju kluba, koja \u0107e garantovati mjesto u eliti, gdje zaslu\u017eujete da budete\u201c, kazao je premijer Spaji\u0107.<\/p>\n\n\n\n<p>Kapiten vaterpolo reprezentacije Crne Gore do 18 godina, koja je osvojila zlatnu medakju na Evropskom prvenstvu u Oradei, <strong>Strahinja Gojkovic<\/strong> ukazao je na zna\u010daj podr\u0161ke koja sti\u017ee kako od navija\u010da, tako i od donosilaca odluka.<\/p>\n\n\n\n<p>\u201eTokom cijelog ljeta imali smo jedan cilj &#8211; da osvojimo zlato i donesemo ga ku\u0107i u Crnu Goru. Igrati za Crnu Goru i nositi kapu reprezentacije je velika \u010dast i zadovoljstvo. Hvala svima na podr\u0161ci\u201c, rekao je Gojkovi\u0107.<\/p>\n\n\n\n<p>I kapitenka rukometne reprezentacije Crne Gore do 17 godina, koja je osvojila bronzanu medalju na Evropskom prvenstvu u Podgorici, <strong>An\u0111elina Orbovi\u0107<\/strong> zahvalila je na prijemu i podr\u0161ci.<\/p>\n\n\n\n<p>\u201eZa nas mlade spirtiste ovaj gest ima poseban zna\u010daj jer pokazuje da na\u0161 trud ne prepoznaje samo sportska zajednica. Zlatna medalja pripada i na\u0161im navijacima, na\u0161im porodicama,&nbsp; svima koji su vjerovali u nas, pripada Crnoj Gori. Nastavi\u0107emo da se borimo, dajemo sve od sebe a va\u0161a podr\u0161ka je dodatni motiv da ostvarujemo jo\u0161 ve\u0107e uspjehe\u201c, kazala je Orbovi\u0107.<\/p>\n\n\n\n<p>Kapiten vaterpolo reprezentacije do 16 godina, koja je osvojila bronzu na Evropskom prvenstvu u Istanbulu, <strong>Andrej Durutovi\u0107<\/strong> tako\u0111e je istakao da je velika \u010dast braniti boje i grb svoje dr\u017eave.<\/p>\n\n\n\n<p>\u201eOsvojene medalje na evropskim takmi\u010denjima pokazuju da na\u0161a dr\u017eava, iako mala, mo\u017ee da parira velikima. Vjerujem da nas \u010deka blistava budu\u0107nost\u201c, kazao je Durutovi\u0107.<\/p>","protected":false},"excerpt":{"rendered":"<p>Osvajanjem medalja na evropskim prvenstvima na\u0161i mladi sportisti nijesu samo obradovali i Crnu Goru u\u010dinili ponosnom, ve\u0107 su zavrijedili i status perspektivnih sportista, a ova Vlada \u0107e se potruditi da njihove stipendije budu izda\u0161nije u budu\u0107nosti, poru\u010dio je premijer Milojko Spaji\u0107.<\/p>","protected":false},"author":1,"featured_media":822754,"comment_status":"open","ping_status":"open","sticky":false,"template":"","format":"standard","meta":{"_acf_changed":false,"footnotes":"","jetpack_publicize_message":"","jetpack_publicize_feature_enabled":true,"jetpack_social_post_already_shared":false,"jetpack_social_options":{"image_generator_settings":{"template":"highway","default_image_id":0,"font":"","enabled":false},"version":2}},"categories":[15],"tags":[794,1901,4548,4549],"naslovna":[],"class_list":["post-822751","post","type-post","status-publish","format-standard","has-post-thumbnail","hentry","category-sport","tag-milojko-spajic","tag-mladi-vaterpolisti","tag-povecanje-izdvajanja-za-mjesecne-stipendije","tag-zajednica"],"acf":[],"jetpack_publicize_connections":[],"_links":{"self":[{"href":"https:\/\/gradski.me\/en\/wp-json\/wp\/v2\/posts\/822751","targetHints":{"allow":["GET"]}}],"collection":[{"href":"https:\/\/gradski.me\/en\/wp-json\/wp\/v2\/posts"}],"about":[{"href":"https:\/\/gradski.me\/en\/wp-json\/wp\/v2\/types\/post"}],"author":[{"embeddable":true,"href":"https:\/\/gradski.me\/en\/wp-json\/wp\/v2\/users\/1"}],"replies":[{"embeddable":true,"href":"https:\/\/gradski.me\/en\/wp-json\/wp\/v2\/comments?post=822751"}],"version-history":[{"count":0,"href":"https:\/\/gradski.me\/en\/wp-json\/wp\/v2\/posts\/822751\/revisions"}],"wp:featuredmedia":[{"embeddable":true,"href":"https:\/\/gradski.me\/en\/wp-json\/wp\/v2\/media\/822754"}],"wp:attachment":[{"href":"https:\/\/gradski.me\/en\/wp-json\/wp\/v2\/media?parent=822751"}],"wp:term":[{"taxonomy":"category","embeddable":true,"href":"https:\/\/gradski.me\/en\/wp-json\/wp\/v2\/categories?post=822751"},{"taxonomy":"post_tag","embeddable":true,"href":"https:\/\/gradski.me\/en\/wp-json\/wp\/v2\/tags?post=822751"},{"taxonomy":"naslovna","embeddable":true,"href":"https:\/\/gradski.me\/en\/wp-json\/wp\/v2\/naslovna?post=822751"}],"curies":[{"name":"wp","href":"https:\/\/api.w.org\/{rel}","templated":true}]}}