{"id":822519,"date":"2025-08-29T10:55:00","date_gmt":"2025-08-29T08:55:00","guid":{"rendered":"https:\/\/gradski.me\/?p=822519"},"modified":"2025-08-29T10:55:00","modified_gmt":"2025-08-29T08:55:00","slug":"nezavisni-sindikat-policije-podaci-koprivice-nisu-realni-primamo-plate-koje-su-apsolutno-ispod-granice-siromastva-u-crnoj-gori","status":"publish","type":"post","link":"https:\/\/gradski.me\/en\/drustvo\/nezavisni-sindikat-policije-podaci-koprivice-nisu-realni-primamo-plate-koje-su-apsolutno-ispod-granice-siromastva-u-crnoj-gori\/","title":{"rendered":"Nezavisni sindikat policije: Podaci Koprivice nisu realni, primamo plate koje su apsolutno ispod granice siroma\u0161tva u Crnoj Gori"},"content":{"rendered":"<p><\/p>\n\n\n\n<p>Navode da iskreno \u017eale \u0161to je ne\u010dijom odlukom ba\u0161 dr\u017eavni sekretar MUP-a, Petar Koprivica, gurnut da bude \u201e\u017ertveno jagnje\u201c i neko na koga \u0107e se &#8222;obru\u0161iti sva ljutnja i gnijev zaposlenih u Ministarstvu unutra\u0161njih poslova i Upravi policije&#8220;.<\/p>\n\n\n\n<p>Isti\u010du da istine radi moraju demantovati navode iz saop\u0161tenja MUP-a koji se ti\u010du zarada u ovom ministarstvu.<\/p>\n\n\n\n<p>&#8222;Da bismo jasno i precizno prikazali stanje stvari nave\u0161\u0107emo nekoliko nepobitnih \u010dinjenica:<\/p>\n\n\n\n<p>Osnovna zarada pripravnika u Upravi policije danas &#8211; 477 eura<\/p>\n\n\n\n<p>Osnovna zarada starijeg policajca sa 5 godina radnog sta\u017ea danas \u2013 704,70 eura<\/p>\n\n\n\n<p>Osnovna zarada starijeg policajca I klase sa 30 godina radnog sta\u017ea danas \u2013 719,10 eura&#8220;<\/p>\n\n\n\n<figure class=\"wp-block-embed is-type-wp-embed is-provider-gradski-portal wp-block-embed-gradski-portal\"><div class=\"wp-block-embed__wrapper\">\n<blockquote class=\"wp-embedded-content\" data-secret=\"3EalDmY3YU\"><a href=\"https:\/\/gradski.me\/en\/koprivica-plate-policijskim-sluzbenicima-za-pet-godina-duplirane-uskoro-nekoliko-stotina-novih-ljudi-u-sluzbi-i-nova-oprema\/\">(VIDEO) Koprivica: Plate policajcima za pet godina duplirane, uskoro nekoliko stotina novih slu\u017ebenika i nova oprema<\/a><\/blockquote><iframe class=\"wp-embedded-content\" sandbox=\"allow-scripts\" security=\"restricted\" style=\"position: absolute; visibility: hidden;\" title=\"&#132;(VIDEO) Koprivica: Plate policajcima za pet godina duplirane, uskoro nekoliko stotina novih slu\u017ebenika i nova oprema&#147; &#8212; Gradski portal\" src=\"https:\/\/gradski.me\/koprivica-plate-policijskim-sluzbenicima-za-pet-godina-duplirane-uskoro-nekoliko-stotina-novih-ljudi-u-sluzbi-i-nova-oprema\/embed\/#?secret=0SrXtanr7H#?secret=3EalDmY3YU\" data-secret=\"3EalDmY3YU\" width=\"600\" height=\"338\" frameborder=\"0\" marginwidth=\"0\" marginheight=\"0\" scrolling=\"no\"><\/iframe>\n<\/div><\/figure>\n\n\n\n<p>&#8222;Kad saberemo plate ova tri slu\u017ebenika da bi do\u0161li do prosjeka od 1.100 eura koji pominje dr\u017eavni sekretar moramo imati i \u010detvrtog koji zara\u0111uje 2.497 eura. A ko je taj ko zara\u0111uje 2.497 eura i pravi ovaj prosjek od 1.100 koji baca pra\u0161inu u o\u010di i kod javnosti i obi\u010dnog naroda pravi odbojnost prema policiji? Nemojmo mije\u0161ati babe i \u017eabe, nemojmo se smijati u lice sirotinji. Nemojte nas manipulisati sa prosje\u010dnom zaradom jer prosjek nije ni mjerodavna ni po\u0161tena kategorija za ocjenjivanje ne\u010dije zarade. Pri\u010dajmo o osnovnoj plati.&#8220;, naveli su iz sindikata.<\/p>\n\n\n\n<p>Sve \u0161to policijski slu\u017ebenici zarade preko osnovne plate na osnovu no\u0107nih i prekovremenih radnih sati, kako ka\u017eu, nije plata ve\u0107 dodaci na zaradu koje slu\u017ebenik mo\u017ee da ostvari ali i ne mora jer veliki broj njih ne radi no\u0107ne i prekovremene smjene zbog prirode svog posla. Oni i njihove porodice \u017eive od osnovne zarade.<\/p>\n\n\n\n<p>&#8222;Vrlo bitna stavka u na\u0161oj plati je i to da je u nju (recimo u ovih 719,10 eura) ugra\u0111eno 63 eura koji nisu plata nego topli obrok i 1\/12 regresa. Kad se i to oduzme mi primamo plate koje su apsolutno ispod granice siroma\u0161tva u Crnoj Gori koja je 695 eura. Ako la\u017eemo mi, kako ka\u017ee gospodin Koprivica, ne la\u017eu na\u0161e platne liste koje su zvani\u010dni obra\u010dun Ministarstva unutra\u0161njih poslova i koje su policajci prethodnih dana masovmo po\u010deli da objavljuju po dru\u0161tvenim mre\u017eama dokazuju\u0107i da govorimo istinu&#8220;, kazali su Nezavisnog sindikata policije.<\/p>\n\n\n\n<p>U prilog argumentima, kako ka\u017eu, jo\u0161 malo preciznih, zvani\u010dnih i provjerljivih podataka koji se ti\u010du navodnog pove\u0107avanja plata policajcima za duplo:<\/p>\n\n\n\n<p>&#8222;Osnovna zarada starijeg policajca I klase sa 25 godina aktivne slu\u017ebe je iznosila:<\/p>\n\n\n\n<p>2020 god.- 544,50 eura, 2021 god. \u2013 544,50 eura, 2022 god. \u2013 544,50 eura, 2023 god. 653,40 eura, 2024 god. \u2013 719,10 eura, 2025 god.-719,10 eura. Toliko o duplom uve\u0107anju zarada za 5 godina. Uspjeli smo da se pomjerimo za \u010ditavih 174,60 eura a to je ni 30%.<\/p>\n\n\n\n<p>Sa druge strane da pogledamo kretanje cijena za pomenutih 5 godina:<\/p>\n\n\n\n<p>Potro\u0161a\u010dka korpa za \u010detvoro\u010dlanu porodicu u novembru 2020 god. je iznosila 641,80 eura (MONSTAT).<\/p>\n\n\n\n<p>Potro\u0161a\u010dka korpa za \u010detvoro\u010dlanu porodicu u drugom kvartalu 2025 god. je iznosila 2010,00 eura. (USSCG). Tu smo ve\u0107 zna\u010dajnije napredovali, tro\u0161kovi \u017eivota su i nama i svim crnogorskim gra\u0111anima za 5 godina porasli vi\u0161e od 300 odsto&#8220;.<\/p>\n\n\n\n<p>Govorili su i o po\u0161tovanju zakonskih propisa.<\/p>\n\n\n\n<p>&#8222;Ne treba nas ni dr\u017eavni sekretar ni bilo ko drugi da poziva na po\u0161tovanje zakona. Mi smo sluge ovog naroda i ove dr\u017eave, na\u0161e \u017eivotno opredjeljenje je za\u0161tita gra\u0111ana i zakona i mi sigurno ne\u0107emo iza\u0107i iz zakonskih okvira. Ali je isto tako sigurno da \u0107emo u borbi za bolji \u017eivot na\u0161e djece i dostojanstvo policijske uniforme iskoristiti svaki mogu\u0107i model borbe koji nam dozvoljavaju zakoni dr\u017eave Crne Gore i me\u0111unarodne konvencije. Raduje nas tvrdnja dr\u017eavnog sekretara da je MUP otvoren za dijalog sa sindikatima ali tu postoji jedan veliki problem. Ni u \u010diju ku\u0107u, i ako su vrata otvorena, se ne ulazi dok doma\u0107in ne pozove unutra. A doma\u0107in na\u0161e zajedni\u010dke ku\u0107e \u0107uti, nema poziva koji \u010dekamo od novembra 2024 godine&#8220;, navode iz Nezavisnog sindikata.<\/p>","protected":false},"excerpt":{"rendered":"<p>Saop\u0161tenje MUP-a je klasi\u010dna i te\u0161ka manipulacija brojevima i statistikom. I prili\u010dno zlonamjerna mo\u017ee se re\u0107i jer se ne de\u0161ava prvi put ve\u0107 se uporno ponavlja vjerovatno u nadi da \u0107e ono \u0161to nije istina jednom to i postati. Pa ne\u0107e. Statistika je mo\u0107no oru\u017eje u rukama vje\u0161tog manipulatora ali je matematika egzaktna nauka koje re\u0161ava sve nedoumice, saop\u0161tili su iz Nezavisnog sindikata policije.<\/p>","protected":false},"author":1,"featured_media":574923,"comment_status":"open","ping_status":"open","sticky":false,"template":"","format":"standard","meta":{"_acf_changed":false,"footnotes":"","jetpack_publicize_message":"","jetpack_publicize_feature_enabled":true,"jetpack_social_post_already_shared":false,"jetpack_social_options":{"image_generator_settings":{"template":"highway","default_image_id":0,"font":"","enabled":false},"version":2}},"categories":[9],"tags":[4156],"naslovna":[],"class_list":["post-822519","post","type-post","status-publish","format-standard","has-post-thumbnail","hentry","category-drustvo","tag-nezavisni-sindikat-policije"],"acf":[],"jetpack_publicize_connections":[],"_links":{"self":[{"href":"https:\/\/gradski.me\/en\/wp-json\/wp\/v2\/posts\/822519","targetHints":{"allow":["GET"]}}],"collection":[{"href":"https:\/\/gradski.me\/en\/wp-json\/wp\/v2\/posts"}],"about":[{"href":"https:\/\/gradski.me\/en\/wp-json\/wp\/v2\/types\/post"}],"author":[{"embeddable":true,"href":"https:\/\/gradski.me\/en\/wp-json\/wp\/v2\/users\/1"}],"replies":[{"embeddable":true,"href":"https:\/\/gradski.me\/en\/wp-json\/wp\/v2\/comments?post=822519"}],"version-history":[{"count":0,"href":"https:\/\/gradski.me\/en\/wp-json\/wp\/v2\/posts\/822519\/revisions"}],"wp:featuredmedia":[{"embeddable":true,"href":"https:\/\/gradski.me\/en\/wp-json\/wp\/v2\/media\/574923"}],"wp:attachment":[{"href":"https:\/\/gradski.me\/en\/wp-json\/wp\/v2\/media?parent=822519"}],"wp:term":[{"taxonomy":"category","embeddable":true,"href":"https:\/\/gradski.me\/en\/wp-json\/wp\/v2\/categories?post=822519"},{"taxonomy":"post_tag","embeddable":true,"href":"https:\/\/gradski.me\/en\/wp-json\/wp\/v2\/tags?post=822519"},{"taxonomy":"naslovna","embeddable":true,"href":"https:\/\/gradski.me\/en\/wp-json\/wp\/v2\/naslovna?post=822519"}],"curies":[{"name":"wp","href":"https:\/\/api.w.org\/{rel}","templated":true}]}}