{"id":821893,"date":"2025-08-27T15:27:00","date_gmt":"2025-08-27T13:27:00","guid":{"rendered":"https:\/\/gradski.me\/?p=821058"},"modified":"2025-08-27T15:27:00","modified_gmt":"2025-08-27T13:27:00","slug":"agencija-za-upravljanje-prirodnim-dobrima-bijelog-polja-zvanicno-pocela-s-radom","status":"publish","type":"post","link":"https:\/\/gradski.me\/en\/drustvo\/agencija-za-upravljanje-prirodnim-dobrima-bijelog-polja-zvanicno-pocela-s-radom\/","title":{"rendered":"Agencija za upravljanje prirodnim dobrima Bijelog Polja zvani\u010dno po\u010dela s radom"},"content":{"rendered":"<p>&#8222;Istovremeno, potpisan je Ugovor o donaciji izme\u0111u nevladine organizacije Eko-tim i Agencije, kojim Eko-tim u okviru inicijative \u201eZajedno za rijeke\u201c, koju predvodi globala organizacija za za\u0161titu prirode The Nature Conservancy donira 88.500 eura. Sredstva \u0107e biti usmjerena na pokrivanje zna\u010dajnog dijela tro\u0161kova u prvoj godini rada Agencije, uklju\u010duju\u0107i zapo\u0161ljavanje stru\u010dnog kadra, izradu Plana upravljanja \u0110alovi\u0107a klisurom i razvoj prvih programskih aktivnosti&#8220;, navodi se u saop\u0161tenju.<\/p>\n\n\n\n<p><br>\u201eOsnivanjem i operativnim po\u010detkom rada Agencije kao upravlja\u010da za\u0161ti\u0107enim podru\u010djima ispunjavamo jednu od klju\u010dnih obaveza prema gra\u0111anima \u2013 da prirodna dobra Bijelog Polja budu za\u0161ti\u0107ena i o\u010duvana, ali i da kroz pametno upravljanje obezbijedimo njihov odr\u017eivi razvoj. Posebno je va\u017eno \u0161to Op\u0161tina Bijelo Polje radi na pro\u0161irenju mre\u017ee za\u0161ti\u0107enih podru\u010dja. Stvoreni su svi zakonski preduslovi da uskoro dobijemo novi spomenik prirode \u2013 rijeku \u0106ehotinu. Na ovaj na\u010din \u010dinimo da na\u0161a prirodna bogatstva budu trajno o\u010duvana, a istovremeno postanu pokreta\u010d razvoja cijele zajednice. Zahvalan sam Eko-timu na saradnji i podr\u0161ci, i uvjeren sam da \u0107emo zajedno realizovati i druge inicijative koje \u0107e unaprijediti stanje \u017eivotne sredine u na\u0161oj op\u0161tini.\u201c istakao je <strong>Petar Smolovi\u0107<\/strong>, predsjednik Op\u0161tine Bijelo Polje.<\/p>\n\n\n\n<p>\u201eSaradnja i zajedni\u010dki rad sa Op\u0161tinom Bijelo Polje na formiranju upravlja\u010da za\u0161ti\u0107enim podru\u010djima bilo je dragocjeno iskustvo. Nau\u010dili smo mnoge lekcije koje mo\u017eemo replicirati i u drugim op\u0161tinama u kojima radimo, kako u Crnoj Gori tako i u regionu. Pozdravljam napore Op\u0161tine Bijelo Polje i njihovu volju da se obezbijedi su\u0161tinska za\u0161tita prirodnih dobara op\u0161tine. Za nas kao organizaciju posebno je va\u017eno \u0161to doprinosimo rje\u0161avanju hroni\u010dnog problema koji se odnosi na nepostojanje upravljanja za\u0161ti\u0107enim podru\u010djima u Crnoj Gori\u201d, naveo je <strong>Milija \u010cabarkapa<\/strong>, izvr\u0161ni direktor nevladine organizacije Eko-tim.<\/p>\n\n\n\n<p>\u201cAgencija je od danas operativna i spremna da preuzme odgovornost za o\u010duvanje i unapre\u0111enje prirodnih vrijednosti na\u0161e op\u0161tine. Donacija Eko-tima daje nam vjetar u le\u0111a da u prvoj godini postavimo \u010dvrste temelje \u2013 od formiranja tima, preko plana upravljanja, do konkretnih aktivnosti na terenu. Pred nama je veliki posao\u201d, istakao je <strong>\u017deljko Mad\u017egalj<\/strong>, vd direktor Agencije za upravljanje prirodnim dobrima Bijelog Polja.<\/p>","protected":false},"excerpt":{"rendered":"<p>Bijelo Polje, 27. avgust 2025 \u2013 Agencija za upravljanje prirodnim dobrima Bijelog Polja upisana je u Centralni registar privrednih subjekata (CRPS) i zvani\u010dno je po\u010dela s radom. Ovim \u010dinom zaokru\u017eeno je institucionalno rje\u0161enje za brigu o svim za\u0161ti\u0107enim podru\u010djima na teritoriji op\u0161tine, uklju\u010duju\u0107i \u0110alovi\u0107a klisuru, jedno od najzna\u010dajnijih prirodnih bogatstava Crne Gore, saop\u0161teno je iz NVO Eko tim.<\/p>","protected":false},"author":1,"featured_media":822012,"comment_status":"open","ping_status":"open","sticky":false,"template":"","format":"standard","meta":{"_acf_changed":false,"footnotes":"","jetpack_publicize_message":"","jetpack_publicize_feature_enabled":true,"jetpack_social_post_already_shared":false,"jetpack_social_options":{"image_generator_settings":{"template":"highway","default_image_id":0,"font":"","enabled":false},"version":2}},"categories":[9],"tags":[4239,4240,414],"naslovna":[],"class_list":["post-821893","post","type-post","status-publish","format-standard","has-post-thumbnail","hentry","category-drustvo","tag-agencija","tag-eko-tim","tag-nvo"],"acf":[],"jetpack_publicize_connections":[],"_links":{"self":[{"href":"https:\/\/gradski.me\/en\/wp-json\/wp\/v2\/posts\/821893","targetHints":{"allow":["GET"]}}],"collection":[{"href":"https:\/\/gradski.me\/en\/wp-json\/wp\/v2\/posts"}],"about":[{"href":"https:\/\/gradski.me\/en\/wp-json\/wp\/v2\/types\/post"}],"author":[{"embeddable":true,"href":"https:\/\/gradski.me\/en\/wp-json\/wp\/v2\/users\/1"}],"replies":[{"embeddable":true,"href":"https:\/\/gradski.me\/en\/wp-json\/wp\/v2\/comments?post=821893"}],"version-history":[{"count":0,"href":"https:\/\/gradski.me\/en\/wp-json\/wp\/v2\/posts\/821893\/revisions"}],"wp:featuredmedia":[{"embeddable":true,"href":"https:\/\/gradski.me\/en\/wp-json\/wp\/v2\/media\/822012"}],"wp:attachment":[{"href":"https:\/\/gradski.me\/en\/wp-json\/wp\/v2\/media?parent=821893"}],"wp:term":[{"taxonomy":"category","embeddable":true,"href":"https:\/\/gradski.me\/en\/wp-json\/wp\/v2\/categories?post=821893"},{"taxonomy":"post_tag","embeddable":true,"href":"https:\/\/gradski.me\/en\/wp-json\/wp\/v2\/tags?post=821893"},{"taxonomy":"naslovna","embeddable":true,"href":"https:\/\/gradski.me\/en\/wp-json\/wp\/v2\/naslovna?post=821893"}],"curies":[{"name":"wp","href":"https:\/\/api.w.org\/{rel}","templated":true}]}}