{"id":820284,"date":"2025-08-26T12:23:00","date_gmt":"2025-08-26T10:23:00","guid":{"rendered":"https:\/\/gradski.me\/?p=820261"},"modified":"2025-08-26T12:23:00","modified_gmt":"2025-08-26T10:23:00","slug":"jakic-savnik-dobija-novu-stambenu-zgradu-nakon-vise-decenija-siguran-dom-za-najugrozenije","status":"publish","type":"post","link":"https:\/\/gradski.me\/en\/drustvo\/jakic-savnik-dobija-novu-stambenu-zgradu-nakon-vise-decenija-siguran-dom-za-najugrozenije\/","title":{"rendered":"Jaki\u0107: \u0160avnik dobija novu stambenu zgradu nakon vi\u0161e decenija \u2013 siguran dom za najugro\u017eenije"},"content":{"rendered":"<p><\/p>\n\n\n\n<p><\/p>\n\n\n\n<p><\/p>\n\n\n\n<p>\u201eUgovor sa izvo\u0111a\u010dima radova je ve\u0107 potpisan, a po\u010detak gradnje planiran je za septembar\u201c, saop\u0161tio je predsjednik Op\u0161tine \u0160avnik&nbsp;<strong>Jugoslav Jaki\u0107<\/strong>.<\/p>\n\n\n\n<figure class=\"wp-block-image\" id=\"attachment_2438008\"><img decoding=\"async\" src=\"https:\/\/www.cdm.me\/wp-content\/uploads\/2025\/08\/PROJEKAT-ZGRADE-foto.jpg\" alt=\"\" class=\"wp-image-2438008\" title=\"\"><figcaption class=\"wp-element-caption\">PROJEKAT ZGRADE<\/figcaption><\/figure>\n\n\n\n<p>Kako je istakao, rije\u010d je o projektu koji prevazilazi puku gradnju i nosi vi\u0161eslojni zna\u010daj za lokalnu zajednicu.<\/p>\n\n\n\n<p>\u201eOvim projektom \u017eelimo da obezbijedimo siguran dom onima kojima je to najpotrebnije, ali i da poka\u017eemo da zajedno gradimo humanije i pravednije dru\u0161tvo. Dio stanova bi\u0107e namijenjen na\u0161im sugra\u0111anima u najte\u017eoj situaciji, a dio onima koji \u017eele da doprinesu razvoju grada\u201d, kazao je Jaki\u0107.<\/p>\n\n\n\n<p>Gra\u0111evina \u0107e, prema planovima, biti moderno opremljena i uklopljena u centar grada, \u010dime \u0107e dodatno doprinijeti njegovom urbanom razvoju.<\/p>\n\n\n\n<p>Me\u0111u gra\u0111anima \u0160avnika ovaj projekat do\u010dekan je sa optimizmom i nadom, saop\u0161teno je iz Jaki\u0107evog kabineta. Mnogi isti\u010du da je posljednja zgrada ovakvog tipa izgra\u0111ena prije vi\u0161e od trideset godina i da je ovo sna\u017ena poruka da grad ide naprijed.<\/p>\n\n\n\n<p>Jaki\u0107 je zaklju\u010dio da \u0107e nova zgrada biti vi\u0161e od betona i cigle \u2013 bi\u0107e simbol obnove i zajedni\u010dkog stvaranja boljih uslova za \u017eivot gra\u0111ana \u0160avnika.<\/p>","protected":false},"excerpt":{"rendered":"<p>U samom centru \u0160avnika uskoro \u0107e po\u010deti izgradnja nove stambene zgrade, prvog objekta ovakve namjene nakon vi\u0161e decenija.<\/p>","protected":false},"author":1,"featured_media":503217,"comment_status":"open","ping_status":"open","sticky":false,"template":"","format":"standard","meta":{"_acf_changed":false,"footnotes":"","jetpack_publicize_message":"","jetpack_publicize_feature_enabled":true,"jetpack_social_post_already_shared":false,"jetpack_social_options":{"image_generator_settings":{"template":"highway","default_image_id":0,"font":"","enabled":false},"version":2}},"categories":[9],"tags":[4058,4059,4060],"naslovna":[],"class_list":["post-820284","post","type-post","status-publish","format-standard","has-post-thumbnail","hentry","category-drustvo","tag-jakic-2","tag-savnik-2","tag-zgrada"],"acf":[],"jetpack_publicize_connections":[],"_links":{"self":[{"href":"https:\/\/gradski.me\/en\/wp-json\/wp\/v2\/posts\/820284","targetHints":{"allow":["GET"]}}],"collection":[{"href":"https:\/\/gradski.me\/en\/wp-json\/wp\/v2\/posts"}],"about":[{"href":"https:\/\/gradski.me\/en\/wp-json\/wp\/v2\/types\/post"}],"author":[{"embeddable":true,"href":"https:\/\/gradski.me\/en\/wp-json\/wp\/v2\/users\/1"}],"replies":[{"embeddable":true,"href":"https:\/\/gradski.me\/en\/wp-json\/wp\/v2\/comments?post=820284"}],"version-history":[{"count":0,"href":"https:\/\/gradski.me\/en\/wp-json\/wp\/v2\/posts\/820284\/revisions"}],"wp:featuredmedia":[{"embeddable":true,"href":"https:\/\/gradski.me\/en\/wp-json\/wp\/v2\/media\/503217"}],"wp:attachment":[{"href":"https:\/\/gradski.me\/en\/wp-json\/wp\/v2\/media?parent=820284"}],"wp:term":[{"taxonomy":"category","embeddable":true,"href":"https:\/\/gradski.me\/en\/wp-json\/wp\/v2\/categories?post=820284"},{"taxonomy":"post_tag","embeddable":true,"href":"https:\/\/gradski.me\/en\/wp-json\/wp\/v2\/tags?post=820284"},{"taxonomy":"naslovna","embeddable":true,"href":"https:\/\/gradski.me\/en\/wp-json\/wp\/v2\/naslovna?post=820284"}],"curies":[{"name":"wp","href":"https:\/\/api.w.org\/{rel}","templated":true}]}}