{"id":820031,"date":"2025-08-25T19:26:00","date_gmt":"2025-08-25T17:26:00","guid":{"rendered":"https:\/\/gradski.me\/?p=820031"},"modified":"2026-03-03T19:45:12","modified_gmt":"2026-03-03T18:45:12","slug":"video-agencija-za-izgradnju-i-razvoj-ulica-slobode-dobice-potpuno-novi-izgled-bice-moderno-uredjena-i-opremljena-kako-i-zasluzuje-glavni-grad","status":"publish","type":"post","link":"https:\/\/gradski.me\/en\/podgorica\/video-agencija-za-izgradnju-i-razvoj-ulica-slobode-dobice-potpuno-novi-izgled-bice-moderno-uredjena-i-opremljena-kako-i-zasluzuje-glavni-grad\/","title":{"rendered":"(VIDEO) Agencija za izgradnju i razvoj: Ulica Slobode bi\u0107e moderno ure\u0111ena i opremljena, rok za izvo\u0111enje radova 95 dana"},"content":{"rendered":"<p><\/p>\n\n\n\n<p>Iz Agencije za izgradnju i razvoj za Gradsku poru\u010duju da \u0107e ulica dobiti potpuno novi izgled \u2013 bi\u0107e moderno ure\u0111ena i opremljena, kako i zaslu\u017euje glavni grad.<\/p>\n\n\n\n<p>&#8220;Za oivi\u010denje kolovoza predvi\u0111en je kameni ivi\u010dnjak. Na dijelu pje\u0161a\u010dkih prelaza predvi\u0111eni su oboreni i prelazni kameni ivi\u010dnjaci, kao i rampe za lica smanjene pokretljivosti sa taktilnim povr\u0161inama. Trotoari su predvi\u0111eni od kamenih plo\u010da sa postavljenim taktilnim elementima i sa urbanim mobilijarom. \u0160irina obostranih trotoarskih povr\u0161ina je promjenljiva od 3,9 m-6,0 m. U jednom dijelu pro\u0161irenje trotoara do postoje\u0107ih objekata iznosi 12,0 m. Pejza\u017eno ure\u0111enje projektovano je u skladu sa saobra\u0107ajno-arhitektonskim rje\u0161enje, namjenom objekta, kao i sa organizacijom i veli\u010dinom slobodnih povr\u0161ina&#8220;, navode iz Agencije.<\/p>\n\n\n\n<p>U cilju stvaranja funkcionalnog, estetski skladnog ambijenta i urbane afirmacije lokacije, kompozicionim rje\u0161enjem akcenat je dat dekorativnoj i sanitarno-za\u0161titnoj funkciji zelenila. Od prate\u0107e komunalne infrastrukture planirana je izgradnja vodovoda, atmosferske kanalizacije, fekalne kanalizacije i javna rasvjeta, pojasnili su iz Agencije.<\/p>\n\n\n\n<p>Ipak, ima i onih koji nijesu sigurni da li \u0107e rekonstrukcija zaista donijeti&nbsp;o\u010dekivane rezultate.<\/p>\n\n\n\n<figure class=\"wp-block-embed is-type-video is-provider-youtube wp-block-embed-youtube wp-embed-aspect-16-9 wp-has-aspect-ratio\"><div class=\"wp-block-embed__wrapper\">\n<iframe title=\"Agencija za izgradnju i razvoj: Ulica Slobode bi\u0107e moderno ure\u0111ena i opremljena\" width=\"800\" height=\"450\" src=\"https:\/\/www.youtube.com\/embed\/5WMuyfRQerQ?feature=oembed\" frameborder=\"0\" allow=\"accelerometer; autoplay; clipboard-write; encrypted-media; gyroscope; picture-in-picture; web-share\" referrerpolicy=\"strict-origin-when-cross-origin\" allowfullscreen><\/iframe>\n<\/div><\/figure>\n\n\n\n<p>Iz Agencije za izgradnju i razvoj Podgorice ka\u017eu da je rok za izvo\u0111enje radova 95 kalendarskih dana.<\/p>","protected":false},"excerpt":{"rendered":"<p>Zbog rekonstrukcije Ulice Slobode, saobra\u0107aj \u0107e u narednom periodu biti obustavljen za sve vrste motornih vozila. Nadle\u017eni najavljuju da \u0107e nakon zavr\u0161etka radova, Podgorica imati modernu saobra\u0107ajnicu kakvu i zaslu\u017euje. Gra\u0111ani s rado\u0161\u0107u do\u010dekuju rekonstukciju, vjeruju\u0107i da \u0107e ona unijeti novi sjaj u centru grada.<\/p>","protected":false},"author":1,"featured_media":820053,"comment_status":"open","ping_status":"open","sticky":false,"template":"","format":"standard","meta":{"_acf_changed":false,"footnotes":"","jetpack_publicize_message":"","jetpack_publicize_feature_enabled":true,"jetpack_social_post_already_shared":false,"jetpack_social_options":{"image_generator_settings":{"template":"highway","default_image_id":0,"font":"","enabled":false},"version":2}},"categories":[6],"tags":[4009,116,4010,3939],"naslovna":[],"class_list":["post-820031","post","type-post","status-publish","format-standard","has-post-thumbnail","hentry","category-podgorica","tag-agencija-za-izgradnju-i-razvoj","tag-glavni-grad","tag-novi-izgled","tag-ulica-slobode"],"acf":[],"jetpack_publicize_connections":[],"_links":{"self":[{"href":"https:\/\/gradski.me\/en\/wp-json\/wp\/v2\/posts\/820031","targetHints":{"allow":["GET"]}}],"collection":[{"href":"https:\/\/gradski.me\/en\/wp-json\/wp\/v2\/posts"}],"about":[{"href":"https:\/\/gradski.me\/en\/wp-json\/wp\/v2\/types\/post"}],"author":[{"embeddable":true,"href":"https:\/\/gradski.me\/en\/wp-json\/wp\/v2\/users\/1"}],"replies":[{"embeddable":true,"href":"https:\/\/gradski.me\/en\/wp-json\/wp\/v2\/comments?post=820031"}],"version-history":[{"count":1,"href":"https:\/\/gradski.me\/en\/wp-json\/wp\/v2\/posts\/820031\/revisions"}],"predecessor-version":[{"id":913590,"href":"https:\/\/gradski.me\/en\/wp-json\/wp\/v2\/posts\/820031\/revisions\/913590"}],"wp:featuredmedia":[{"embeddable":true,"href":"https:\/\/gradski.me\/en\/wp-json\/wp\/v2\/media\/820053"}],"wp:attachment":[{"href":"https:\/\/gradski.me\/en\/wp-json\/wp\/v2\/media?parent=820031"}],"wp:term":[{"taxonomy":"category","embeddable":true,"href":"https:\/\/gradski.me\/en\/wp-json\/wp\/v2\/categories?post=820031"},{"taxonomy":"post_tag","embeddable":true,"href":"https:\/\/gradski.me\/en\/wp-json\/wp\/v2\/tags?post=820031"},{"taxonomy":"naslovna","embeddable":true,"href":"https:\/\/gradski.me\/en\/wp-json\/wp\/v2\/naslovna?post=820031"}],"curies":[{"name":"wp","href":"https:\/\/api.w.org\/{rel}","templated":true}]}}