{"id":820020,"date":"2025-08-25T19:39:00","date_gmt":"2025-08-25T17:39:00","guid":{"rendered":"https:\/\/gradski.me\/?p=820020"},"modified":"2026-03-03T16:59:28","modified_gmt":"2026-03-03T15:59:28","slug":"jevric-djecje-igraliste-u-aerodromskoj-ulici-prostirace-se-na-600-metara-kvadratnih-i-kostace-50-000-eura","status":"publish","type":"post","link":"https:\/\/gradski.me\/en\/podgorica\/jevric-djecje-igraliste-u-aerodromskoj-ulici-prostirace-se-na-600-metara-kvadratnih-i-kostace-50-000-eura\/","title":{"rendered":"(VIDEO) Jevri\u0107: Dje\u010dje igrali\u0161te u Aerodromskoj ulici prostira\u0107e se na 600 metara kvadratnih i ko\u0161ta\u0107e 50.000 eura"},"content":{"rendered":"<p><\/p>\n\n\n\n<p>&#8220;Prije svega tu \u0107e biti kula sa ljulja\u0161kom, njihalice, klackalice.&nbsp;Osim toga, prostor \u0107e dobiti i parkovski mobilijar, parkovske klupe i posude za sitni otpad.&nbsp;Osim toga, naravno, \u010ditava povr\u0161ina bi\u0107e oboga\u0107ena i dodatnim biljnim fondom.&nbsp;Zasadi\u0107e se nove sadnice, drve\u0107a i \u017ebunje.&nbsp;Na \u010ditavom prostoru, bi\u0107e ugra\u0111en i hidrosistem, kako bi biljni fond imao dovoljne koli\u010dine vode tokom cijele godine&#8220;, naveo je Jevri\u0107.<\/p>\n\n\n\n<p>Investicija je procijenjena na oko 50 hiljada eura.<\/p>\n\n\n\n<p>&#8220;\u0160to se ti\u010de reakcije gra\u0111ana, uvijek nailazimo na pozitivne reakcije, kad god su u pitanju neke rekonstrukcije ili stvaranje novih zelenih oaza u gradu.&nbsp;Tako je naravno i sa ovom.&nbsp;Gra\u0111ani su&nbsp;odu\u0161evljeni i mi \u0107emo se zajedno truditi da u narednom periodu stvorimo \u0161to vi\u0161e ovakvih prostora kako bi na\u0161i najmla\u0111i sugra\u0111ani, njihovi roditelji, ali i svi ostali u\u017eivali u njima&#8220;, poru\u010dio je Jevri\u0107.<\/p>\n\n\n\n<p>Ako radovi budu tekli po planu, najmla\u0111i sugra\u0111ani i njihovi roditelji ve\u0107 po\u010detkom jeseni dobi\u0107e moderno ure\u0111eno igrali\u0161te.<\/p>\n\n\n\n<figure class=\"wp-block-embed is-type-video is-provider-youtube wp-block-embed-youtube wp-embed-aspect-16-9 wp-has-aspect-ratio\"><div class=\"wp-block-embed__wrapper\">\n<iframe title=\"Jevri\u0107: Dje\u010dje igrali\u0161te u Aerodromskoj ulici prostira\u0107e se na 600 metara kvadratnih\" width=\"800\" height=\"450\" src=\"https:\/\/www.youtube.com\/embed\/hQL40zM91jI?feature=oembed\" frameborder=\"0\" allow=\"accelerometer; autoplay; clipboard-write; encrypted-media; gyroscope; picture-in-picture; web-share\" referrerpolicy=\"strict-origin-when-cross-origin\" allowfullscreen><\/iframe>\n<\/div><\/figure>","protected":false},"excerpt":{"rendered":"<p>Rekonstrukcija dje\u010djeg igrali\u0161ta u Aerodromskoj ulici u blizini Doma zdravlja, po\u010dela je prije dvije nedjelje, kazao je za Gradsku Bojan Jevri\u0107 iz Zelenila. Dodaje da \u0107e na platou biti postavljena tartan podloga, a na njoj sprave za igru, kao\u00a0i da \u0107e se prostirati na oko 600 metara kvadratnih.<\/p>","protected":false},"author":1,"featured_media":820026,"comment_status":"open","ping_status":"open","sticky":false,"template":"","format":"standard","meta":{"_acf_changed":false,"footnotes":"","jetpack_publicize_message":"","jetpack_publicize_feature_enabled":true,"jetpack_social_post_already_shared":false,"jetpack_social_options":{"image_generator_settings":{"template":"highway","default_image_id":0,"font":"","enabled":false},"version":2}},"categories":[6],"tags":[4003,4004,4005],"naslovna":[],"class_list":["post-820020","post","type-post","status-publish","format-standard","has-post-thumbnail","hentry","category-podgorica","tag-aerodromska-ulica","tag-bojan-jevric","tag-djecje-igraliste"],"acf":[],"jetpack_publicize_connections":[],"_links":{"self":[{"href":"https:\/\/gradski.me\/en\/wp-json\/wp\/v2\/posts\/820020","targetHints":{"allow":["GET"]}}],"collection":[{"href":"https:\/\/gradski.me\/en\/wp-json\/wp\/v2\/posts"}],"about":[{"href":"https:\/\/gradski.me\/en\/wp-json\/wp\/v2\/types\/post"}],"author":[{"embeddable":true,"href":"https:\/\/gradski.me\/en\/wp-json\/wp\/v2\/users\/1"}],"replies":[{"embeddable":true,"href":"https:\/\/gradski.me\/en\/wp-json\/wp\/v2\/comments?post=820020"}],"version-history":[{"count":1,"href":"https:\/\/gradski.me\/en\/wp-json\/wp\/v2\/posts\/820020\/revisions"}],"predecessor-version":[{"id":913456,"href":"https:\/\/gradski.me\/en\/wp-json\/wp\/v2\/posts\/820020\/revisions\/913456"}],"wp:featuredmedia":[{"embeddable":true,"href":"https:\/\/gradski.me\/en\/wp-json\/wp\/v2\/media\/820026"}],"wp:attachment":[{"href":"https:\/\/gradski.me\/en\/wp-json\/wp\/v2\/media?parent=820020"}],"wp:term":[{"taxonomy":"category","embeddable":true,"href":"https:\/\/gradski.me\/en\/wp-json\/wp\/v2\/categories?post=820020"},{"taxonomy":"post_tag","embeddable":true,"href":"https:\/\/gradski.me\/en\/wp-json\/wp\/v2\/tags?post=820020"},{"taxonomy":"naslovna","embeddable":true,"href":"https:\/\/gradski.me\/en\/wp-json\/wp\/v2\/naslovna?post=820020"}],"curies":[{"name":"wp","href":"https:\/\/api.w.org\/{rel}","templated":true}]}}