{"id":820000,"date":"2025-08-25T18:20:00","date_gmt":"2025-08-25T16:20:00","guid":{"rendered":"https:\/\/gradski.me\/?p=820000"},"modified":"2025-08-25T18:20:00","modified_gmt":"2025-08-25T16:20:00","slug":"zelenski-uskoro-cemo-s-amerikancima-razgovarati-o-pregovorima-s-rusima","status":"publish","type":"post","link":"https:\/\/gradski.me\/en\/svijet\/zelenski-uskoro-cemo-s-amerikancima-razgovarati-o-pregovorima-s-rusima\/","title":{"rendered":"Zelenski: Uskoro \u0107emo s Amerikancima razgovarati o pregovorima s Rusima"},"content":{"rendered":"<p><\/p>\n\n\n\n<p>&#8222;Na kraju nedjelje bi\u0107e sastanak izme\u0111u ukrajinskog i ameri\u010dkog tima&#8220;, rekao je Zelenski, prenosi Interfax-Ukrajina. Dodao je kako ukrajinsku stranu o\u010dekuje jo\u0161 puno posla u narednim danima.<\/p>\n\n\n\n<h3 class=\"wp-block-heading\">Kontakti s Amerikom i G7<\/h3>\n\n\n\n<p>Prema njegovim rije\u010dima, ju\u010de su odr\u017eani razgovori izme\u0111u \u0161efa predsjedni\u010dkog kabineta Andrija Jermaka i ameri\u010dkog ministra vanjskih poslova Marka Rubija, kao i s drugim partnerima. Ukrajinski ministar vanjskih poslova Andrij Sibiha pridru\u017eio se pak online sastanku ministara vanjskih poslova grupe G7, odr\u017eanom na Dan nezavisnosti.<\/p>\n\n\n\n<p>&#8222;\u010cini mi se da \u0107emo imati osnovni plan o bezbjednosnim jemstvima. Treba\u0107e jo\u0161 vremena za detalje, jo\u0161 posla je pred nama. Nakon toga bi\u0107e va\u017eno razumjeti od ameri\u010dke strane jesu li Rusi spremni za susret i u kojem formatu. Jesu li spremni za konfiguraciju koju je predlo\u017eila Amerika, podr\u017eala Ukrajina i usvojili evropski \u010delnici \u2013 bilateralnu, a zatim trilateralnu&#8220;, rekao je Zelenski.<\/p>\n\n\n\n<h3 class=\"wp-block-heading\">Susreti u Aljasci i Va\u0161ingtonu<\/h3>\n\n\n\n<p>Podsjetimo, 15. avgusta ameri\u010dki predsjednik Donald Tramp sastao se s ruskim \u010delnikom Vladimirom Putinom na Aljasci, gdje su dvojica lidera nazna\u010dila da postoji napredak prema mirovnom dogovoru. Trampova administracija istovremeno je odustala od ranijeg plana o uvo\u0111enju dodatnih sankcija Moskvi ako prekid vatre ne bude postignut.<\/p>\n\n\n\n<p>Putin je navodno tada Trampu iznio svoje mirovne uslove, u velikoj mjeri uskla\u0111ene s ruskim ratnim ciljevima, a ameri\u010dki predsjednik taj je sastanak nazvao &#8222;izuzetno produktivnim&#8220;.<\/p>\n\n\n\n<p>Tri dana kasnije, 18. avgusta, u Bijeloj ku\u0107i odr\u017ean je samit kojem su prisustvovali Zelenski i evropski lideri. Tramp ih je informisao o ruskim uslovima, a sve strane \u2013 uklju\u010duju\u0107i i Putina \u2013 slo\u017eile su se da su bezbjednosna jemstva za Kijev klju\u010dna u svakom mirovnom sporazumu.<\/p>\n\n\n\n<h3 class=\"wp-block-heading\">Sporna bezbjednosna jemstva<\/h3>\n\n\n\n<p>Zelenski je naglasio da pitanje teritorijalnih ustupaka ostaje isklju\u010divo predmet rasprava izme\u0111u njega i Putina. No ruski ministar vanjskih poslova Sergej Lavrov 20. avgusta rekao je da u bezbjednosna jemstva moraju biti uklju\u010dene i Rusija i Kina \u2013 predlog koji je u suprotnosti s ciljem jemstava, a to je sprije\u010diti novu rusku agresiju.<\/p>\n\n\n\n<p>Lavrov se protivi i raspore\u0111ivanju stranih snaga u Ukrajini, \u0161to je jedna od temeljnih ta\u010daka paketa bezbjednosnih jemstava.<\/p>","protected":false},"excerpt":{"rendered":"<p>Ukrajinski predsjednik Volodimir Zelenski najavio je da \u0107e se ove nedjelje sastati ukrajinski i ameri\u010dki timovi kako bi razgovarali o mogu\u0107im mirovnim pregovorima s Rusijom. Govore\u0107i u Kijevu na zajedni\u010dkoj konferenciji s norve\u0161kim premijerom Jonasom Ger Stereom, Zelenski je rekao da konsultacije traju te da \u0107e se danas odvojeno sastati i s posebnim ameri\u010dkim izaslanikom Kitom Kelogom.<\/p>","protected":false},"author":1,"featured_media":631406,"comment_status":"open","ping_status":"open","sticky":false,"template":"","format":"standard","meta":{"_acf_changed":false,"footnotes":"","jetpack_publicize_message":"","jetpack_publicize_feature_enabled":true,"jetpack_social_post_already_shared":false,"jetpack_social_options":{"image_generator_settings":{"template":"highway","default_image_id":0,"font":"","enabled":false},"version":2}},"categories":[14],"tags":[3995,213,3993,301],"naslovna":[],"class_list":["post-820000","post","type-post","status-publish","format-standard","has-post-thumbnail","hentry","category-svijet","tag-amerikanci","tag-pregovori","tag-rusi","tag-volodimir-zelenski"],"acf":[],"jetpack_publicize_connections":[],"_links":{"self":[{"href":"https:\/\/gradski.me\/en\/wp-json\/wp\/v2\/posts\/820000","targetHints":{"allow":["GET"]}}],"collection":[{"href":"https:\/\/gradski.me\/en\/wp-json\/wp\/v2\/posts"}],"about":[{"href":"https:\/\/gradski.me\/en\/wp-json\/wp\/v2\/types\/post"}],"author":[{"embeddable":true,"href":"https:\/\/gradski.me\/en\/wp-json\/wp\/v2\/users\/1"}],"replies":[{"embeddable":true,"href":"https:\/\/gradski.me\/en\/wp-json\/wp\/v2\/comments?post=820000"}],"version-history":[{"count":0,"href":"https:\/\/gradski.me\/en\/wp-json\/wp\/v2\/posts\/820000\/revisions"}],"wp:featuredmedia":[{"embeddable":true,"href":"https:\/\/gradski.me\/en\/wp-json\/wp\/v2\/media\/631406"}],"wp:attachment":[{"href":"https:\/\/gradski.me\/en\/wp-json\/wp\/v2\/media?parent=820000"}],"wp:term":[{"taxonomy":"category","embeddable":true,"href":"https:\/\/gradski.me\/en\/wp-json\/wp\/v2\/categories?post=820000"},{"taxonomy":"post_tag","embeddable":true,"href":"https:\/\/gradski.me\/en\/wp-json\/wp\/v2\/tags?post=820000"},{"taxonomy":"naslovna","embeddable":true,"href":"https:\/\/gradski.me\/en\/wp-json\/wp\/v2\/naslovna?post=820000"}],"curies":[{"name":"wp","href":"https:\/\/api.w.org\/{rel}","templated":true}]}}