{"id":819203,"date":"2025-08-24T11:45:00","date_gmt":"2025-08-24T09:45:00","guid":{"rendered":"https:\/\/gradski.me\/?p=819203"},"modified":"2025-08-24T11:45:00","modified_gmt":"2025-08-24T09:45:00","slug":"mujovic-novi-zakon-o-bezbjednosti-saobracaja-temelj-za-uspostavljanje-saobracajnog-reda-u-podgorici","status":"publish","type":"post","link":"https:\/\/gradski.me\/en\/podgorica\/mujovic-novi-zakon-o-bezbjednosti-saobracaja-temelj-za-uspostavljanje-saobracajnog-reda-u-podgorici\/","title":{"rendered":"Mujovi\u0107: Novi Zakon o bezbjednosti saobra\u0107aja temelj za uspostavljanje saobra\u0107ajnog reda u Podgorici"},"content":{"rendered":"<p><\/p>\n\n\n\n<p>On je na dru\u0161tvenim mre\u017eama naveo da \u0107e se novim Zakonom o bezbjednosti saobra\u0107aja komunalni policajci dobiti dodatna ovla\u0161\u0107enja.<\/p>\n\n\n\n<p>&#8222;Komunalni policajci \u0107e dobiti ovla\u0161\u0107enja koja su do sada bila isklju\u010divo u nadle\u017enosti saobra\u0107ajne policije &#8211; da neposredno na terenu napla\u0107uju kazne za nepropisno parkiranje i zaustavljanje vozila&#8220;, napisao je Mujovi\u0107 na Instagramu.<\/p>\n\n\n\n<p>Gradona\u010delnik je naveo da o\u010dekuje da novi Zakon o bezbjednosti saobra\u0107aja bude usvojen do kraja ove godine, a koji \u0107e dati &#8222;puno komocije u sprovo\u0111enju adekvatne kaznene politike nepropisnog parkiranja i zaustavljanja&#8220;.<\/p>\n\n\n\n<p>&#8222;Kada budemo imali taj mehanizam u na\u0161im rukama, komunalni red u Podgorici bi\u0107e na mnogo ve\u0107em nivou. Ne\u0107emo imati puno tolerancije za one koji kr\u0161e pravila i nadam se da \u0107e to omogu\u0107iti ve\u0107a ovla\u0161\u0107enja gradskih slu\u017ebi&#8220;, kazao je Mujovi\u0107<\/p>","protected":false},"excerpt":{"rendered":"<p>Novi Zakon o bezbjednosti saobra\u0107aja predstavlja\u0107e temelj za uspostavljanje saobra\u0107ajnog reda u Podgorici, kazao je gradona\u010delnik Podgorice Sa\u0161a Mujovi\u0107.<\/p>","protected":false},"author":1,"featured_media":594959,"comment_status":"open","ping_status":"open","sticky":false,"template":"","format":"standard","meta":{"_acf_changed":false,"footnotes":"","jetpack_publicize_message":"","jetpack_publicize_feature_enabled":true,"jetpack_social_post_already_shared":false,"jetpack_social_options":{"image_generator_settings":{"template":"highway","default_image_id":0,"font":"","enabled":false},"version":2}},"categories":[6],"tags":[116,28,238,3808],"naslovna":[],"class_list":["post-819203","post","type-post","status-publish","format-standard","has-post-thumbnail","hentry","category-podgorica","tag-glavni-grad","tag-podgorica","tag-sasa-mujovic","tag-zakon-o-bezbjednosti-saobracaja"],"acf":[],"jetpack_publicize_connections":[],"_links":{"self":[{"href":"https:\/\/gradski.me\/en\/wp-json\/wp\/v2\/posts\/819203","targetHints":{"allow":["GET"]}}],"collection":[{"href":"https:\/\/gradski.me\/en\/wp-json\/wp\/v2\/posts"}],"about":[{"href":"https:\/\/gradski.me\/en\/wp-json\/wp\/v2\/types\/post"}],"author":[{"embeddable":true,"href":"https:\/\/gradski.me\/en\/wp-json\/wp\/v2\/users\/1"}],"replies":[{"embeddable":true,"href":"https:\/\/gradski.me\/en\/wp-json\/wp\/v2\/comments?post=819203"}],"version-history":[{"count":0,"href":"https:\/\/gradski.me\/en\/wp-json\/wp\/v2\/posts\/819203\/revisions"}],"wp:featuredmedia":[{"embeddable":true,"href":"https:\/\/gradski.me\/en\/wp-json\/wp\/v2\/media\/594959"}],"wp:attachment":[{"href":"https:\/\/gradski.me\/en\/wp-json\/wp\/v2\/media?parent=819203"}],"wp:term":[{"taxonomy":"category","embeddable":true,"href":"https:\/\/gradski.me\/en\/wp-json\/wp\/v2\/categories?post=819203"},{"taxonomy":"post_tag","embeddable":true,"href":"https:\/\/gradski.me\/en\/wp-json\/wp\/v2\/tags?post=819203"},{"taxonomy":"naslovna","embeddable":true,"href":"https:\/\/gradski.me\/en\/wp-json\/wp\/v2\/naslovna?post=819203"}],"curies":[{"name":"wp","href":"https:\/\/api.w.org\/{rel}","templated":true}]}}